{"id":3329,"date":"2013-06-24T11:33:50","date_gmt":"2013-06-24T09:33:50","guid":{"rendered":"http:\/\/www.trachtenverband-unterfranken.de\/?p=3329"},"modified":"2013-06-24T11:34:31","modified_gmt":"2013-06-24T09:34:31","slug":"rothleiner-plankirchweih-29-06-bis-01-07-2013","status":"publish","type":"post","link":"https:\/\/www.trachtenverband-unterfranken.de\/?p=3329","title":{"rendered":"R\u00f6thleiner Plankirchweih 29.06. bis 01.07.2013"},"content":{"rendered":"<div id='gallery-1' class='gallery galleryid-3329 gallery-columns-3 gallery-size-thumbnail'><figure class='gallery-item'>\n\t\t\t<div class='gallery-icon landscape'>\n\t\t\t\t<a href='https:\/\/www.trachtenverband-unterfranken.de\/?attachment_id=3330'><img loading=\"lazy\" decoding=\"async\" width=\"150\" height=\"150\" src=\"https:\/\/www.trachtenverband-unterfranken.de\/wp-content\/uploads\/2013\/06\/Planpaare-2013-150x150.jpg\" class=\"attachment-thumbnail size-thumbnail\" alt=\"\" aria-describedby=\"gallery-1-3330\" \/><\/a>\n\t\t\t<\/div>\n\t\t\t\t<figcaption class='wp-caption-text gallery-caption' id='gallery-1-3330'>\n\t\t\t\tPlanpaare 2013\n\t\t\t\t<\/figcaption><\/figure><figure class='gallery-item'>\n\t\t\t<div class='gallery-icon portrait'>\n\t\t\t\t<a href='https:\/\/www.trachtenverband-unterfranken.de\/?attachment_id=3331'><img loading=\"lazy\" decoding=\"async\" width=\"150\" height=\"150\" src=\"https:\/\/www.trachtenverband-unterfranken.de\/wp-content\/uploads\/2013\/06\/Kirchweih_2013-Seite001-150x150.jpeg\" class=\"attachment-thumbnail size-thumbnail\" alt=\"\" \/><\/a>\n\t\t\t<\/div><\/figure>\n\t\t<\/div>\n\n<p>&nbsp;<\/p>\n<p><strong>R\u00f6thleiner Plankirchweih vom 29.06. bis 01.07.2013<\/strong><br \/>\n<strong> Planzehner f\u00fcr die Hochwasserhilfe des Bayerischen Trachtenverbands<\/strong><\/p>\n<p>R\u00f6thlein \u2013 Traditionell am letzten Wochenende im Juni \u2013 diesmal in den Juli hineinreichend &#8211; findet die R\u00f6thleiner Plankirchweih statt. 8 Planpaare haben sich wieder zusammengefunden, um am Kirchweihsamstag um 17 Uhr (Festbetrieb ab 16 Uhr) zusammen mit den genauso zahlreichen Fichtenpaaren die Kirchweihfichte mit traditionellen Scheren aufzustellen.<\/p>\n<p><!--more--><\/p>\n<p>Zum ersten Mal wird eine Abordnung eines ortsans\u00e4ssigen Verein dabei helfen. Der Trachtenverein will jedes Jahr einen anderen Verein hierzu einladen. In diesem Jahr ist dies eine Gruppe des 1. Sportkegelklub \u201eScharfes Eck\u201c R\u00f6thlein.<\/p>\n<p>Um 18:30 Uhr ziehen dann die Plan- und Fichtenpaare zusammen mit der Blaskapelle Heidenfeld am Plan auf und er\u00f6ffnen diesen mit dem Bieranstich und Ehrent\u00e4nzen. Im Anschluss daran ist die Bev\u00f6lkerung eingeladen das Tanzbein zu schwingen.<\/p>\n<p>Der Sonntag beginnt mit dem Festgottesdienst um 10:30 Uhr in der St. Jakobus Kirche. Bereits ab 10 Uhr l\u00e4dt der Volkstrachtenverein zum Fr\u00fchschoppen ein. Nach dem Gottesdienst ziehen die Planpaare gemeinsam mit dem Musikverein Hirschfeld und der Gemeinde zum Plan, wo ab 11:30 Uhr ein Mittagstisch angeboten wird.<\/p>\n<p>Um 15:00 Uhr ziehen die Planpaare zusammen mit den Ehreng\u00e4sten zum Plan und er\u00f6ffnen die R\u00f6thleiner Kirchweih 2013. Nach einem Tanz der Planpaare mit der Kindergruppe des Vereins ist der Plan f\u00fcr die G\u00e4ste zum Tanz freigegeben. Ab 17 Uhr spielt der Musikverein Gochsheim-Weyer am Plan auf. Eine feste Tradition ist es, dass die Planpaare der Umgebung um 19 Uhr eine Ehrentour tanzen.<\/p>\n<p>Da in R\u00f6thlein kein Tanzgeld gezahlt werden muss, sammelt der Verein diesen \u201ePlanzehner\u201c bei den G\u00e4sten der Kirchweih und stellt ihn in jedem Jahr einem anderen guten Zweck zur Verf\u00fcgung. Aus aktuellem Anlass wird der Planzehner in diesem Jahr an die Hochwasserhilfe des Bayerischen Trachtenverbands \u00fcbergeben, der die Spendengelder von der Flut betroffenen Trachtlern zur Verf\u00fcgung stellt.<\/p>\n<p>Der Montag beginnt ab 16 Uhr mit dem Kesselfleischessen. Um 18:30 Uhr werden die Planpaare ein letztes Mal in diesem Jahr zusammen mit dem Musikverein Vasb\u00fchl am Plan aufziehen.Das Ende der Kirchweih wird dann um 23:30 Uhr beim gemeinsamen Aussingen bei Kerzenschein mit dem R\u00f6thleiner Kirchweihlied eingel\u00e4utet.<\/p>\n<p>An allen Tagen werden Kaffee, Eiskaffee, Kuchen und Torten in der Kaffeebar angeboten. Ebenso haben sie die Auswahl zwischen zahlreichen kulinarischen Spezialit\u00e4ten des Partyservice Warmuth sowie von Pizza Moser. F\u00fcr den Durst gibt es Bier vom Brauhaus Schweinfurt, Wein vom Knaup aus R\u00f6thlein oder alkoholfreie Getr\u00e4nke. Die kleinen G\u00e4ste erwartet ein Schaustellerbetrieb.<\/p>\n<p>Die Planpaare 2013 und der Volkstrachtenverein R\u00f6thlein e. V. freuen sich auf Ihr Kommen!<\/p>\n<p>Fotos: VTV R\u00f6thlein<br \/>\nWeitere Informationen: Matthias Planitzer, Tel. 09723\/938770<\/p>\n<p>&nbsp;<\/p>\n<p><strong>Festprogramm<\/strong><br \/>\n<strong>Samstag<\/strong><br \/>\n16:00Uhr Festbetrieb<br \/>\n17:00Uhr Baumaufstellen durch die Plan- und Fichtenburschen<br \/>\nBlaskapelle Heidenfeld<br \/>\n18:30Uhr Einzug der Fichten- und Planpaare, Festbieranstich<\/p>\n<p><strong>Sonntag<\/strong><br \/>\n10:00Uhr Festbetrieb<br \/>\n10:30Uhr Festgottesdienst<br \/>\n11:30Uhr Mittagstisch mit der Musikkapelle Hirschfeld<br \/>\n15:00Uhr Einzug der Planpaare<br \/>\n17:00Uhr Musikverein Gochsheim\/Weyer<\/p>\n<p><strong>Montag<\/strong><br \/>\n16:00 Uhr Festbetrieb mit Kesselfleischessen<br \/>\n18:30 Uhr Einzug der Planpaare Musikverein Vasb\u00fchl<br \/>\n23:30 Uhr Aussingen der Kirchweih bei Kerzenschein<\/p>\n","protected":false},"excerpt":{"rendered":"<p>&nbsp; R\u00f6thleiner Plankirchweih vom 29.06. bis 01.07.2013 Planzehner f\u00fcr die Hochwasserhilfe des Bayerischen Trachtenverbands R\u00f6thlein \u2013 Traditionell am letzten Wochenende im Juni \u2013 diesmal in den Juli hineinreichend &#8211; findet die R\u00f6thleiner Plankirchweih statt. 8 Planpaare haben sich wieder zusammengefunden, um am Kirchweihsamstag um 17 Uhr (Festbetrieb ab 16 Uhr) zusammen mit den genauso zahlreichen &hellip; <a href=\"https:\/\/www.trachtenverband-unterfranken.de\/?p=3329\" class=\"more-link\"><span class=\"screen-reader-text\">R\u00f6thleiner Plankirchweih 29.06. bis 01.07.2013<\/span> weiterlesen<\/a><\/p>\n","protected":false},"author":3,"featured_media":0,"comment_status":"closed","ping_status":"closed","sticky":false,"template":"","format":"standard","meta":{"footnotes":""},"categories":[1,9],"tags":[],"_links":{"self":[{"href":"https:\/\/www.trachtenverband-unterfranken.de\/index.php?rest_route=\/wp\/v2\/posts\/3329"}],"collection":[{"href":"https:\/\/www.trachtenverband-unterfranken.de\/index.php?rest_route=\/wp\/v2\/posts"}],"about":[{"href":"https:\/\/www.trachtenverband-unterfranken.de\/index.php?rest_route=\/wp\/v2\/types\/post"}],"author":[{"embeddable":true,"href":"https:\/\/www.trachtenverband-unterfranken.de\/index.php?rest_route=\/wp\/v2\/users\/3"}],"replies":[{"embeddable":true,"href":"https:\/\/www.trachtenverband-unterfranken.de\/index.php?rest_route=%2Fwp%2Fv2%2Fcomments&post=3329"}],"version-history":[{"count":2,"href":"https:\/\/www.trachtenverband-unterfranken.de\/index.php?rest_route=\/wp\/v2\/posts\/3329\/revisions"}],"predecessor-version":[{"id":3333,"href":"https:\/\/www.trachtenverband-unterfranken.de\/index.php?rest_route=\/wp\/v2\/posts\/3329\/revisions\/3333"}],"wp:attachment":[{"href":"https:\/\/www.trachtenverband-unterfranken.de\/index.php?rest_route=%2Fwp%2Fv2%2Fmedia&parent=3329"}],"wp:term":[{"taxonomy":"category","embeddable":true,"href":"https:\/\/www.trachtenverband-unterfranken.de\/index.php?rest_route=%2Fwp%2Fv2%2Fcategories&post=3329"},{"taxonomy":"post_tag","embeddable":true,"href":"https:\/\/www.trachtenverband-unterfranken.de\/index.php?rest_route=%2Fwp%2Fv2%2Ftags&post=3329"}],"curies":[{"name":"wp","href":"https:\/\/api.w.org\/{rel}","templated":true}]}}