{"id":3334,"date":"2013-06-24T11:42:01","date_gmt":"2013-06-24T09:42:01","guid":{"rendered":"http:\/\/www.trachtenverband-unterfranken.de\/?p=3334"},"modified":"2013-06-24T11:42:01","modified_gmt":"2013-06-24T09:42:01","slug":"trachtler-im-gesprach-mit-freien-wahlern","status":"publish","type":"post","link":"https:\/\/www.trachtenverband-unterfranken.de\/?p=3334","title":{"rendered":"Trachtler im Gespr\u00e4ch mit Freien W\u00e4hlern"},"content":{"rendered":"<p>Bericht und Bilder von Hans Menzinger<\/p>\n<p><strong>Trachtenfunktion\u00e4re trafen sich mit Landtagsfraktion der Freien W\u00e4hler zum Gedankenaustausch<\/strong><\/p>\n<div id='gallery-1' class='gallery galleryid-3334 gallery-columns-3 gallery-size-thumbnail'><figure class='gallery-item'>\n\t\t\t<div class='gallery-icon landscape'>\n\t\t\t\t<a href='https:\/\/www.trachtenverband-unterfranken.de\/wp-content\/uploads\/2013\/06\/A-IMG_1157_3_800.jpg'><img loading=\"lazy\" decoding=\"async\" width=\"150\" height=\"150\" src=\"https:\/\/www.trachtenverband-unterfranken.de\/wp-content\/uploads\/2013\/06\/A-IMG_1157_3_800-150x150.jpg\" class=\"attachment-thumbnail size-thumbnail\" alt=\"\" \/><\/a>\n\t\t\t<\/div><\/figure><figure class='gallery-item'>\n\t\t\t<div class='gallery-icon landscape'>\n\t\t\t\t<a href='https:\/\/www.trachtenverband-unterfranken.de\/wp-content\/uploads\/2013\/06\/A-IMG_1158_4_800.jpg'><img loading=\"lazy\" decoding=\"async\" width=\"150\" height=\"150\" src=\"https:\/\/www.trachtenverband-unterfranken.de\/wp-content\/uploads\/2013\/06\/A-IMG_1158_4_800-150x150.jpg\" class=\"attachment-thumbnail size-thumbnail\" alt=\"\" \/><\/a>\n\t\t\t<\/div><\/figure><figure class='gallery-item'>\n\t\t\t<div class='gallery-icon landscape'>\n\t\t\t\t<a href='https:\/\/www.trachtenverband-unterfranken.de\/wp-content\/uploads\/2013\/06\/A-IMG_1161_6_800.jpg'><img loading=\"lazy\" decoding=\"async\" width=\"150\" height=\"150\" src=\"https:\/\/www.trachtenverband-unterfranken.de\/wp-content\/uploads\/2013\/06\/A-IMG_1161_6_800-150x150.jpg\" class=\"attachment-thumbnail size-thumbnail\" alt=\"\" \/><\/a>\n\t\t\t<\/div><\/figure><figure class='gallery-item'>\n\t\t\t<div class='gallery-icon landscape'>\n\t\t\t\t<a href='https:\/\/www.trachtenverband-unterfranken.de\/wp-content\/uploads\/2013\/06\/A-IMG_1164_9_800.jpg'><img loading=\"lazy\" decoding=\"async\" width=\"150\" height=\"150\" src=\"https:\/\/www.trachtenverband-unterfranken.de\/wp-content\/uploads\/2013\/06\/A-IMG_1164_9_800-150x150.jpg\" class=\"attachment-thumbnail size-thumbnail\" alt=\"\" \/><\/a>\n\t\t\t<\/div><\/figure>\n\t\t<\/div>\n\n<p>Zu einem informellen Gedankenaustausch trafen sich Landtagsabgeordnete der Freien W\u00e4hler unter Leitung des Fraktionsvorsitzenden Hubert Aiwanger mit Vertretern des Bayerischen Trachtenverbandes und der Bayerischen Trachtenjugend.<\/p>\n<p><!--more--><\/p>\n<p>Landesvorsitzender Max Bertl stellte die Aufgaben und Ziele des BTV vor und erl\u00e4uterte die wichtigen gesellschaftspolitischen Funktionen der rund 1000 Trachtenvereine in Bayern, die als echte Familienvereine Mitglieder jeder Altersgruppe in sich vereinen.<\/p>\n<p>Ebenso stellte er den Politikern das Trachtenkulturzentrum Bayern vor, dessen Au\u00dfenwirkung in den Bereichen Museum, Jugendarbeit, Verbandsstruktur und \u00d6ffentlichkeitsarbeit bereits jetzt, eineinhalb Jahre vor der offiziellen Einweihung, hervorragend ist.<\/p>\n<p>Der Abgeordnete Florian Streibl stellte sein Thesen- und Forderungspapier zum Thema Heimat und Brauchtum vor und stellte fest, dass es gut w\u00e4re, wieder alle Regionen Bayerns unter dem Dach des BTV zu vereinen. Max Bertl versicherte, dass der BTV hier jederzeit f\u00fcr Gespr\u00e4che offen ist.<\/p>\n<p>G\u00fcnter Frey von der Bayerischen Trachtenjugend stellte das Projekt \u00e2\u20ac\u017eWahlfach Tradition\u00e2\u20ac\u0153 vor und freute sich +ber die Unterst\u00fctzung der FW-Politiker. In Sachen Mi\u00dfbrauch von Kindern forderte er mehr Pr\u00e4vention anstatt rechtsunsicherer Gesetze, deren Umsetzung das Ende der ehrenamtlichen Jugendarbeit bedeuten k\u00f6nnte.<\/p>\n<p>Ebenfalls zur Sprache kamen die Themen Maibaumtransport, Alkoholmi\u00dfbrauch, Dialektf\u00f6rderung in \u00f6fentlichen Bereichen (Kindergarten, Schule, Beh\u00f6rden usw.)<\/p>\n<p>Abschlie\u00dfend stellte Max Bertl fest, dass man mit den Freien W\u00e4hlern viele gemeinsame Ziele hat und bedankte sich bei Hubert Aiwanger mit dem Buch Trachtenlandschaft Bayern f\u00fcr das konstruktive Gespr\u00e4ch.<\/p>\n","protected":false},"excerpt":{"rendered":"<p>Bericht und Bilder von Hans Menzinger Trachtenfunktion\u00e4re trafen sich mit Landtagsfraktion der Freien W\u00e4hler zum Gedankenaustausch Zu einem informellen Gedankenaustausch trafen sich Landtagsabgeordnete der Freien W\u00e4hler unter Leitung des Fraktionsvorsitzenden Hubert Aiwanger mit Vertretern des Bayerischen Trachtenverbandes und der Bayerischen Trachtenjugend.<\/p>\n","protected":false},"author":3,"featured_media":0,"comment_status":"closed","ping_status":"closed","sticky":false,"template":"","format":"standard","meta":{"footnotes":""},"categories":[1,9],"tags":[],"_links":{"self":[{"href":"https:\/\/www.trachtenverband-unterfranken.de\/index.php?rest_route=\/wp\/v2\/posts\/3334"}],"collection":[{"href":"https:\/\/www.trachtenverband-unterfranken.de\/index.php?rest_route=\/wp\/v2\/posts"}],"about":[{"href":"https:\/\/www.trachtenverband-unterfranken.de\/index.php?rest_route=\/wp\/v2\/types\/post"}],"author":[{"embeddable":true,"href":"https:\/\/www.trachtenverband-unterfranken.de\/index.php?rest_route=\/wp\/v2\/users\/3"}],"replies":[{"embeddable":true,"href":"https:\/\/www.trachtenverband-unterfranken.de\/index.php?rest_route=%2Fwp%2Fv2%2Fcomments&post=3334"}],"version-history":[{"count":1,"href":"https:\/\/www.trachtenverband-unterfranken.de\/index.php?rest_route=\/wp\/v2\/posts\/3334\/revisions"}],"predecessor-version":[{"id":3339,"href":"https:\/\/www.trachtenverband-unterfranken.de\/index.php?rest_route=\/wp\/v2\/posts\/3334\/revisions\/3339"}],"wp:attachment":[{"href":"https:\/\/www.trachtenverband-unterfranken.de\/index.php?rest_route=%2Fwp%2Fv2%2Fmedia&parent=3334"}],"wp:term":[{"taxonomy":"category","embeddable":true,"href":"https:\/\/www.trachtenverband-unterfranken.de\/index.php?rest_route=%2Fwp%2Fv2%2Fcategories&post=3334"},{"taxonomy":"post_tag","embeddable":true,"href":"https:\/\/www.trachtenverband-unterfranken.de\/index.php?rest_route=%2Fwp%2Fv2%2Ftags&post=3334"}],"curies":[{"name":"wp","href":"https:\/\/api.w.org\/{rel}","templated":true}]}}