{"id":3453,"date":"2013-09-09T11:12:12","date_gmt":"2013-09-09T09:12:12","guid":{"rendered":"http:\/\/www.trachtenverband-unterfranken.de\/?p=3453"},"modified":"2013-09-09T11:16:45","modified_gmt":"2013-09-09T09:16:45","slug":"planzehner-an-den-bayerischen-trachtenverband-uebergebe","status":"publish","type":"post","link":"https:\/\/www.trachtenverband-unterfranken.de\/?p=3453","title":{"rendered":"Planzehner an den Bayerischen Trachtenverband \u00fcbergeben"},"content":{"rendered":"<figure id=\"attachment_3454\" aria-describedby=\"caption-attachment-3454\" style=\"width: 300px\" class=\"wp-caption alignright\"><a href=\"https:\/\/www.trachtenverband-unterfranken.de\/wp-content\/uploads\/2013\/09\/P1260215-Bearbeitet-2.jpg\"><img loading=\"lazy\" decoding=\"async\" class=\"size-medium wp-image-3454 \" title=\"Die R\u00f6thleiner Planpaare 2013 am Kirchweihsonntag\" alt=\"Die R\u00f6thleiner Planpaare 2013 am Kirchweihsonntag\" src=\"https:\/\/www.trachtenverband-unterfranken.de\/wp-content\/uploads\/2013\/09\/P1260215-Bearbeitet-2-300x181.jpg\" width=\"300\" height=\"181\" srcset=\"https:\/\/www.trachtenverband-unterfranken.de\/wp-content\/uploads\/2013\/09\/P1260215-Bearbeitet-2-300x181.jpg 300w, https:\/\/www.trachtenverband-unterfranken.de\/wp-content\/uploads\/2013\/09\/P1260215-Bearbeitet-2.jpg 750w\" sizes=\"(max-width: 300px) 100vw, 300px\" \/><\/a><figcaption id=\"caption-attachment-3454\" class=\"wp-caption-text\">Die R\u00f6thleiner Planpaare 2013 am Kirchweihsonntag<\/figcaption><\/figure>\n<p><em>R\u00f6thlein \u2013<\/em> Im Gegensatz zu anderen Kirchweihen im Raum Schweinfurt wird bei der R\u00f6thleiner Kirchweih kein Tanzgeld f\u00fcr eine Plantour verlangt. Stattdessen geben die T\u00e4nzer und Besucher der Kirchweih eine freiwillige Spende. Deren Verwendungszweck bestimmen jedes Jahr im Vorfeld die R\u00f6thleiner Planpaare.<\/p>\n<p>In diesem Jahr haben sie sich aus aktuellem Anlass f\u00fcr die Hochwasserhilfe des Bayerischen Trachtenverbands entschieden. Das Geld kommt Trachtlern und Trachtenvereinen in Bayern, welche durch die diesj\u00e4hrige Hochwasserkatastrophe in Not geraten sind zu Gute. Zur gro\u00dfen \u00dcberraschung der Verantwortlichen des Volkstrachtenverein R\u00f6thlein konnte ein Rekordergebnis von 1.300 Euro gesammelt werden. Dieser Betrag wurde an den Bayerischen Trachtenverband zur Verteiltung an die Betroffenen weitergeleitet.<\/p>\n<p>Der Volkstrachtenverein R\u00f6thlein und die Planpaare freuen sich nun auf das bevorstehende <strong>E<\/strong><strong>rntedankfest am 13.10.2013<\/strong>, mit der letzten M\u00f6glichkeit in diesem Jahr Plant\u00e4nze unter freiem Himmel zu tanzen.<\/p>\n<p>Bericht: Maximilian Nunn<\/p>\n<p>Foto: Matthias Planitzer<\/p>\n<p>Weitere Informationen: Matthias Planitzer, Tel. 09723\/93877<\/p>\n","protected":false},"excerpt":{"rendered":"<p>R\u00f6thlein \u2013 Im Gegensatz zu anderen Kirchweihen im Raum Schweinfurt wird bei der R\u00f6thleiner Kirchweih kein Tanzgeld f\u00fcr eine Plantour verlangt. Stattdessen geben die T\u00e4nzer und Besucher der Kirchweih eine freiwillige Spende. Deren Verwendungszweck bestimmen jedes Jahr im Vorfeld die R\u00f6thleiner Planpaare. In diesem Jahr haben sie sich aus aktuellem Anlass f\u00fcr die Hochwasserhilfe des &hellip; <a href=\"https:\/\/www.trachtenverband-unterfranken.de\/?p=3453\" class=\"more-link\"><span class=\"screen-reader-text\">Planzehner an den Bayerischen Trachtenverband \u00fcbergeben<\/span> weiterlesen<\/a><\/p>\n","protected":false},"author":3,"featured_media":0,"comment_status":"closed","ping_status":"closed","sticky":false,"template":"","format":"standard","meta":{"footnotes":""},"categories":[1,9],"tags":[],"_links":{"self":[{"href":"https:\/\/www.trachtenverband-unterfranken.de\/index.php?rest_route=\/wp\/v2\/posts\/3453"}],"collection":[{"href":"https:\/\/www.trachtenverband-unterfranken.de\/index.php?rest_route=\/wp\/v2\/posts"}],"about":[{"href":"https:\/\/www.trachtenverband-unterfranken.de\/index.php?rest_route=\/wp\/v2\/types\/post"}],"author":[{"embeddable":true,"href":"https:\/\/www.trachtenverband-unterfranken.de\/index.php?rest_route=\/wp\/v2\/users\/3"}],"replies":[{"embeddable":true,"href":"https:\/\/www.trachtenverband-unterfranken.de\/index.php?rest_route=%2Fwp%2Fv2%2Fcomments&post=3453"}],"version-history":[{"count":5,"href":"https:\/\/www.trachtenverband-unterfranken.de\/index.php?rest_route=\/wp\/v2\/posts\/3453\/revisions"}],"predecessor-version":[{"id":3459,"href":"https:\/\/www.trachtenverband-unterfranken.de\/index.php?rest_route=\/wp\/v2\/posts\/3453\/revisions\/3459"}],"wp:attachment":[{"href":"https:\/\/www.trachtenverband-unterfranken.de\/index.php?rest_route=%2Fwp%2Fv2%2Fmedia&parent=3453"}],"wp:term":[{"taxonomy":"category","embeddable":true,"href":"https:\/\/www.trachtenverband-unterfranken.de\/index.php?rest_route=%2Fwp%2Fv2%2Fcategories&post=3453"},{"taxonomy":"post_tag","embeddable":true,"href":"https:\/\/www.trachtenverband-unterfranken.de\/index.php?rest_route=%2Fwp%2Fv2%2Ftags&post=3453"}],"curies":[{"name":"wp","href":"https:\/\/api.w.org\/{rel}","templated":true}]}}