{"id":3461,"date":"2013-09-11T21:10:26","date_gmt":"2013-09-11T19:10:26","guid":{"rendered":"http:\/\/www.trachtenverband-unterfranken.de\/?p=3461"},"modified":"2013-09-11T21:10:41","modified_gmt":"2013-09-11T19:10:41","slug":"bayerisches-fernsehen-geld-und-leben-mit-oliver-brust","status":"publish","type":"post","link":"https:\/\/www.trachtenverband-unterfranken.de\/?p=3461","title":{"rendered":"Bayerisches Fernsehen Geld und Leben &#8211; mit Oliver Brust"},"content":{"rendered":"<figure id=\"attachment_3462\" aria-describedby=\"caption-attachment-3462\" style=\"width: 300px\" class=\"wp-caption aligncenter\"><a href=\"https:\/\/www.trachtenverband-unterfranken.de\/wp-content\/uploads\/2013\/09\/GUL-1.jpg\"><img loading=\"lazy\" decoding=\"async\" class=\"size-medium wp-image-3462\" alt=\"Oliver Brust mit der Moderatorin Karin Kekul\u00e9 und Prof. Karlheinz Zwerenz.\" src=\"https:\/\/www.trachtenverband-unterfranken.de\/wp-content\/uploads\/2013\/09\/GUL-1-300x224.jpg\" width=\"300\" height=\"224\" srcset=\"https:\/\/www.trachtenverband-unterfranken.de\/wp-content\/uploads\/2013\/09\/GUL-1-300x224.jpg 300w, https:\/\/www.trachtenverband-unterfranken.de\/wp-content\/uploads\/2013\/09\/GUL-1.jpg 669w\" sizes=\"(max-width: 300px) 100vw, 300px\" \/><\/a><figcaption id=\"caption-attachment-3462\" class=\"wp-caption-text\">Oliver Brust mit der Moderatorin Karin Kekul\u00e9 und Prof. Karlheinz Zwerenz.<\/figcaption><\/figure>\n<p><span style=\"font-size: 13px; line-height: 19px;\">Liebe Brauchtumsfreunde,<\/span><\/p>\n<p>am Donnerstag, 12.09.2013, um 19.00 Uhr dreht sich das Thema der BR-Sendung Geld und Leben um das Thema &#8222;Brauchtum und Wirtschaft&#8220;. Ich durfte als Interviewpartner in M\u00fcnchen \u00fcber Tracht und Tourismus plaudern&#8230;<\/p>\n<p>Anbei zwei Bilder im Museumszelt der oidn Wiesn mit der Moderatorin Karin Kekul\u00e9 und Prof. Karlheinz Zwerenz.<\/p>\n<p>Und hier gehts zum Auftaktfilm:\u00a0http:\/\/www.br.de\/fernsehen\/bayerisches-fernsehen\/sendungen\/geld-und-leben\/trailer-wiesn-moderation-100.html<\/p>\n<p>Liebe Gr\u00fc\u00dfe<\/p>\n<p>Ollie<\/p>\n","protected":false},"excerpt":{"rendered":"<p>Liebe Brauchtumsfreunde, am Donnerstag, 12.09.2013, um 19.00 Uhr dreht sich das Thema der BR-Sendung Geld und Leben um das Thema &#8222;Brauchtum und Wirtschaft&#8220;. Ich durfte als Interviewpartner in M\u00fcnchen \u00fcber Tracht und Tourismus plaudern&#8230; Anbei zwei Bilder im Museumszelt der oidn Wiesn mit der Moderatorin Karin Kekul\u00e9 und Prof. Karlheinz Zwerenz. Und hier gehts zum &hellip; <a href=\"https:\/\/www.trachtenverband-unterfranken.de\/?p=3461\" class=\"more-link\"><span class=\"screen-reader-text\">Bayerisches Fernsehen Geld und Leben &#8211; mit Oliver Brust<\/span> weiterlesen<\/a><\/p>\n","protected":false},"author":2,"featured_media":0,"comment_status":"closed","ping_status":"closed","sticky":false,"template":"","format":"standard","meta":{"footnotes":""},"categories":[1,9],"tags":[],"_links":{"self":[{"href":"https:\/\/www.trachtenverband-unterfranken.de\/index.php?rest_route=\/wp\/v2\/posts\/3461"}],"collection":[{"href":"https:\/\/www.trachtenverband-unterfranken.de\/index.php?rest_route=\/wp\/v2\/posts"}],"about":[{"href":"https:\/\/www.trachtenverband-unterfranken.de\/index.php?rest_route=\/wp\/v2\/types\/post"}],"author":[{"embeddable":true,"href":"https:\/\/www.trachtenverband-unterfranken.de\/index.php?rest_route=\/wp\/v2\/users\/2"}],"replies":[{"embeddable":true,"href":"https:\/\/www.trachtenverband-unterfranken.de\/index.php?rest_route=%2Fwp%2Fv2%2Fcomments&post=3461"}],"version-history":[{"count":2,"href":"https:\/\/www.trachtenverband-unterfranken.de\/index.php?rest_route=\/wp\/v2\/posts\/3461\/revisions"}],"predecessor-version":[{"id":3464,"href":"https:\/\/www.trachtenverband-unterfranken.de\/index.php?rest_route=\/wp\/v2\/posts\/3461\/revisions\/3464"}],"wp:attachment":[{"href":"https:\/\/www.trachtenverband-unterfranken.de\/index.php?rest_route=%2Fwp%2Fv2%2Fmedia&parent=3461"}],"wp:term":[{"taxonomy":"category","embeddable":true,"href":"https:\/\/www.trachtenverband-unterfranken.de\/index.php?rest_route=%2Fwp%2Fv2%2Fcategories&post=3461"},{"taxonomy":"post_tag","embeddable":true,"href":"https:\/\/www.trachtenverband-unterfranken.de\/index.php?rest_route=%2Fwp%2Fv2%2Ftags&post=3461"}],"curies":[{"name":"wp","href":"https:\/\/api.w.org\/{rel}","templated":true}]}}