{"id":3499,"date":"2013-10-14T23:15:38","date_gmt":"2013-10-14T21:15:38","guid":{"rendered":"http:\/\/www.trachtenverband-unterfranken.de\/?p=3499"},"modified":"2013-10-15T08:03:39","modified_gmt":"2013-10-15T06:03:39","slug":"einladung-zur-gau-herbstversammlung-am-20-10-2013-in-roethlein","status":"publish","type":"post","link":"https:\/\/www.trachtenverband-unterfranken.de\/?p=3499","title":{"rendered":"Einladung zur Gau-Herbstversammlung am 20.10.2013 in R\u00f6thlein"},"content":{"rendered":"<p><span style=\"font-size: 13px; line-height: 19px;\">Liebe Trachtenkameraden,<\/span><\/p>\n<p><span style=\"font-size: 13px; line-height: 19px;\">ich lade Euch hiermit herzlich zu einer Gauherbstversammlung am Sonntag, 20.10.2013, um 10.00 Uhr ins Vereinsheim nach R\u00f6thlein (Friedhofstra\u00dfe 36, 97520 R\u00f6thlein) ein.<\/span><\/p>\n<p><span style=\"text-decoration: underline; font-size: 13px; line-height: 19px;\">Tagesordnung<\/span><\/p>\n<ol>\n<li>Begr\u00fc\u00dfung<\/li>\n<li>Totengedenken \/ Trachtenhymne<\/li>\n<li>Abstimmung \u00fcber Protokoll der Fr\u00fchjahrsversammlung am 28.04.2013 (wird mit der Einladung versandt)<\/li>\n<li>Vortrag von Thomas Stadler aus Gochsheim: \u201eSteuerung und Aktivierung eines Vereins\u201c, Rolle und Verantwortung des Vorsitzenden Selbststeuerung und Zeitmanagement, Zukunftsausrichtung \/ Wie aktiv ist mein Verein. Mit diesem Vortrag wollen wir Euch Hilfestellung geben, Euere Vereine zukunftsfit zu machen und erfolgreich zu f\u00fchren.<\/li>\n<li>Berichte der Vorsitzenden:\n<ol>\n<li>Vorsitzender Oliver Brust<\/li>\n<li>Vorsitzender Manfred Sitzmann<\/li>\n<\/ol>\n<\/li>\n<li>Kassenbericht (kommt erst zur Jahreshauptversammlung im Fr\u00fchjahr)<\/li>\n<li>Berichte der Verwaltung und Sachgebiete\n<ol>\n<li>Jugend<\/li>\n<li>Vort\u00e4nzer<\/li>\n<li>Volksmusik<\/li>\n<li>Presse<\/li>\n<li>Trachtenforschung u. \u2013pflege<\/li>\n<li>Mundart-Brauchtum-Laienspiel<\/li>\n<\/ol>\n<\/li>\n<li>Mitgliedstruktur im Bayerischen Trachtenverband<\/li>\n<li>Trachtenkulturzentrum Holzhausen<\/li>\n<\/ol>\n<p>10. Gautrachtenfest Schweinfurt 21.06.2014<\/p>\n<p>11. Weitere Festlichkeiten 2013\/2014<\/p>\n<p>12. Trachtenwallfahrt 01.06.2014 in Abtsroda<\/p>\n<ol start=\"13\">\n<li>Gauball 10.05.2014<\/li>\n<li>\u00c4nderungen und Neuerungen Trachtenkalender<\/li>\n<li>Antr\u00e4ge, Verschiedenes, Ausblick, Termine<\/li>\n<\/ol>\n<p>&nbsp;<\/p>\n<p>Im \u00dcbrigen weisen wir darauf hin, dass jeder Verein 2 Delegiertenstimmen hat. Es d\u00fcrfen aber auch G\u00e4ste zur Versammlung kommen. Antr\u00e4ge sind 2 Wochen vor der Versammlung schriftlich beim ersten Vorsitzenden einzureichen.<\/p>\n<p><b><span style=\"text-decoration: underline;\">\u00a0<\/span><\/b><\/p>\n<p>Bitte kommt wie gewohnt in Euerer Tracht.<\/p>\n<p>&nbsp;<\/p>\n<p>F\u00fcr R\u00fcckfragen stehe ich Euch gerne zur Verf\u00fcgung.<\/p>\n<p>&nbsp;<\/p>\n<p><span style=\"font-size: 13px; line-height: 19px;\">Mit kameradschaftlichen Trachtengr\u00fc\u00dfen<\/span><\/p>\n<p>&nbsp;<\/p>\n<p><span style=\"font-size: 13px; line-height: 19px;\">Oliver Brust<\/span><\/p>\n<p>1. Vorsitzender<\/p>\n","protected":false},"excerpt":{"rendered":"<p>Liebe Trachtenkameraden, ich lade Euch hiermit herzlich zu einer Gauherbstversammlung am Sonntag, 20.10.2013, um 10.00 Uhr ins Vereinsheim nach R\u00f6thlein (Friedhofstra\u00dfe 36, 97520 R\u00f6thlein) ein. Tagesordnung Begr\u00fc\u00dfung Totengedenken \/ Trachtenhymne Abstimmung \u00fcber Protokoll der Fr\u00fchjahrsversammlung am 28.04.2013 (wird mit der Einladung versandt) Vortrag von Thomas Stadler aus Gochsheim: \u201eSteuerung und Aktivierung eines Vereins\u201c, Rolle und &hellip; <a href=\"https:\/\/www.trachtenverband-unterfranken.de\/?p=3499\" class=\"more-link\"><span class=\"screen-reader-text\">Einladung zur Gau-Herbstversammlung am 20.10.2013 in R\u00f6thlein<\/span> weiterlesen<\/a><\/p>\n","protected":false},"author":2,"featured_media":0,"comment_status":"closed","ping_status":"closed","sticky":false,"template":"","format":"standard","meta":{"footnotes":""},"categories":[1,13,14,7,28,11,12],"tags":[],"_links":{"self":[{"href":"https:\/\/www.trachtenverband-unterfranken.de\/index.php?rest_route=\/wp\/v2\/posts\/3499"}],"collection":[{"href":"https:\/\/www.trachtenverband-unterfranken.de\/index.php?rest_route=\/wp\/v2\/posts"}],"about":[{"href":"https:\/\/www.trachtenverband-unterfranken.de\/index.php?rest_route=\/wp\/v2\/types\/post"}],"author":[{"embeddable":true,"href":"https:\/\/www.trachtenverband-unterfranken.de\/index.php?rest_route=\/wp\/v2\/users\/2"}],"replies":[{"embeddable":true,"href":"https:\/\/www.trachtenverband-unterfranken.de\/index.php?rest_route=%2Fwp%2Fv2%2Fcomments&post=3499"}],"version-history":[{"count":1,"href":"https:\/\/www.trachtenverband-unterfranken.de\/index.php?rest_route=\/wp\/v2\/posts\/3499\/revisions"}],"predecessor-version":[{"id":3500,"href":"https:\/\/www.trachtenverband-unterfranken.de\/index.php?rest_route=\/wp\/v2\/posts\/3499\/revisions\/3500"}],"wp:attachment":[{"href":"https:\/\/www.trachtenverband-unterfranken.de\/index.php?rest_route=%2Fwp%2Fv2%2Fmedia&parent=3499"}],"wp:term":[{"taxonomy":"category","embeddable":true,"href":"https:\/\/www.trachtenverband-unterfranken.de\/index.php?rest_route=%2Fwp%2Fv2%2Fcategories&post=3499"},{"taxonomy":"post_tag","embeddable":true,"href":"https:\/\/www.trachtenverband-unterfranken.de\/index.php?rest_route=%2Fwp%2Fv2%2Ftags&post=3499"}],"curies":[{"name":"wp","href":"https:\/\/api.w.org\/{rel}","templated":true}]}}