{"id":3692,"date":"2013-12-24T15:17:15","date_gmt":"2013-12-24T14:17:15","guid":{"rendered":"http:\/\/www.trachtenverband-unterfranken.de\/?p=3692"},"modified":"2013-12-24T15:17:15","modified_gmt":"2013-12-24T14:17:15","slug":"frohe-weihnachten-3","status":"publish","type":"post","link":"https:\/\/www.trachtenverband-unterfranken.de\/?p=3692","title":{"rendered":"Frohe Weihnachten"},"content":{"rendered":"<div id='gallery-1' class='gallery galleryid-3692 gallery-columns-3 gallery-size-thumbnail'><figure class='gallery-item'>\n\t\t\t<div class='gallery-icon landscape'>\n\t\t\t\t<a href='https:\/\/www.trachtenverband-unterfranken.de\/?attachment_id=2846'><img loading=\"lazy\" decoding=\"async\" width=\"150\" height=\"150\" src=\"https:\/\/www.trachtenverband-unterfranken.de\/wp-content\/uploads\/2012\/12\/2010-Torbogen-Krippe-1-150x150.jpg\" class=\"attachment-thumbnail size-thumbnail\" alt=\"\" aria-describedby=\"gallery-1-2846\" \/><\/a>\n\t\t\t<\/div>\n\t\t\t\t<figcaption class='wp-caption-text gallery-caption' id='gallery-1-2846'>\n\t\t\t\tGeldersheimer Untertor als Trachten-Krippe (erstellt von Wilfried Funke 2010) &#8211; Detail\n\t\t\t\t<\/figcaption><\/figure><figure class='gallery-item'>\n\t\t\t<div class='gallery-icon landscape'>\n\t\t\t\t<a href='https:\/\/www.trachtenverband-unterfranken.de\/?attachment_id=2847'><img loading=\"lazy\" decoding=\"async\" width=\"150\" height=\"150\" src=\"https:\/\/www.trachtenverband-unterfranken.de\/wp-content\/uploads\/2012\/12\/2010-Torbogen-Krippe-7-150x150.jpg\" class=\"attachment-thumbnail size-thumbnail\" alt=\"\" aria-describedby=\"gallery-1-2847\" \/><\/a>\n\t\t\t<\/div>\n\t\t\t\t<figcaption class='wp-caption-text gallery-caption' id='gallery-1-2847'>\n\t\t\t\tGeldersheimer Untertor als Trachten-Krippe (erstellt von Wilfried Funke 2010) &#8211; Ensemble mit &#8222;Fenns Haus&#8220;\n\t\t\t\t<\/figcaption><\/figure>\n\t\t<\/div>\n\n<p>&nbsp;<\/p>\n<table width=\"500\" border=\"0\" cellspacing=\"0\" cellpadding=\"8\">\n<tbody>\n<tr>\n<td colspan=\"3\" align=\"left\" width=\"500\"><b>&#8211; Knecht Ruprecht &#8211;<\/b><br \/>\nvon Theodor Storm<\/td>\n<\/tr>\n<tr>\n<td width=\"500\">Von drau\u00dfen, vom Walde komm ich her;<br \/>\nich muss euch sagen, es weihnachtet sehr!<br \/>\n\u00dcberall auf den Tannenspitzen<br \/>\nsah ich goldene Lichtlein blitzen,<br \/>\nund droben aus dem Himmelstor<br \/>\nsah mit gro\u00dfen Augen das Christkind hervor.Und wie ich strolch&#8216; durch des finstern Tann,<br \/>\nda rief&#8217;s mich mit heller Stimme an:<br \/>\n&#8222;Knecht Ruprecht&#8220;, rief es, &#8222;alter Gesell\u00b4,<br \/>\nheb deine Beine und spute dich schnell!<br \/>\nDie Kerzen fangen zu brennen an,<br \/>\ndas Himmelstor ist aufgetan,<br \/>\nalt und jung sollen nun<br \/>\nvon der Jagd des Lebens einmal ruhn,<br \/>\nund morgen flieg ich hinab zur Erden;<br \/>\ndenn es soll wieder Weihnachten werden!&#8220;<center><\/center>Ich sprach: &#8222;Oh lieber Herre Christ,<br \/>\nmeine Reise fast zu Ende ist;<br \/>\nich soll nur noch in diese Stadt,<br \/>\nwo&#8217;s eitel gute Kinder hat.&#8220;<\/p>\n<p>&#8222;Hast denn das S\u00e4cklein auch bei dir?&#8220;<br \/>\nIch sprach: &#8222;Das S\u00e4cklein, das ist hier;<br \/>\ndenn \u00c4pfel, Nu\u00df und Mandelkern<br \/>\nessen fromme Kinder gern.&#8220;<\/p>\n<p>&#8222;Hast denn die Rute auch bei dir?&#8220;<br \/>\nIch sprach: &#8222;Die Rute, die ist hier;<br \/>\ndoch f\u00fcr die Kinder nur, die schlechten,<br \/>\ndie trifft sie auf den Teil den rechten!&#8220;<\/p>\n<p>Christkindlein sprach: &#8222;So ist es recht;<br \/>\nso geh mit Gott, mein treuer Knecht!&#8220;<br \/>\nVon drau\u00dfen, vom Walde komm ich her;<br \/>\nich muss euch sagen, es weihnachtet sehr!<br \/>\nNun sprecht, wie ich&#8217;s hier innen find!<br \/>\nsind&#8217;s gute Kind, sind&#8217;s b\u00f6se Kind?<\/td>\n<\/tr>\n<\/tbody>\n<\/table>\n<p>&nbsp;<\/p>\n<p>Frohe Weihnachten allen Brauchtumsfreunden<\/p>\n<p>&nbsp;<\/p>\n<p>&nbsp;<\/p>\n","protected":false},"excerpt":{"rendered":"<p>&nbsp; &#8211; Knecht Ruprecht &#8211; von Theodor Storm Von drau\u00dfen, vom Walde komm ich her; ich muss euch sagen, es weihnachtet sehr! \u00dcberall auf den Tannenspitzen sah ich goldene Lichtlein blitzen, und droben aus dem Himmelstor sah mit gro\u00dfen Augen das Christkind hervor.Und wie ich strolch&#8216; durch des finstern Tann, da rief&#8217;s mich mit heller &hellip; <a href=\"https:\/\/www.trachtenverband-unterfranken.de\/?p=3692\" class=\"more-link\"><span class=\"screen-reader-text\">Frohe Weihnachten<\/span> weiterlesen<\/a><\/p>\n","protected":false},"author":2,"featured_media":0,"comment_status":"closed","ping_status":"closed","sticky":false,"template":"","format":"standard","meta":{"footnotes":""},"categories":[1],"tags":[],"_links":{"self":[{"href":"https:\/\/www.trachtenverband-unterfranken.de\/index.php?rest_route=\/wp\/v2\/posts\/3692"}],"collection":[{"href":"https:\/\/www.trachtenverband-unterfranken.de\/index.php?rest_route=\/wp\/v2\/posts"}],"about":[{"href":"https:\/\/www.trachtenverband-unterfranken.de\/index.php?rest_route=\/wp\/v2\/types\/post"}],"author":[{"embeddable":true,"href":"https:\/\/www.trachtenverband-unterfranken.de\/index.php?rest_route=\/wp\/v2\/users\/2"}],"replies":[{"embeddable":true,"href":"https:\/\/www.trachtenverband-unterfranken.de\/index.php?rest_route=%2Fwp%2Fv2%2Fcomments&post=3692"}],"version-history":[{"count":8,"href":"https:\/\/www.trachtenverband-unterfranken.de\/index.php?rest_route=\/wp\/v2\/posts\/3692\/revisions"}],"predecessor-version":[{"id":3700,"href":"https:\/\/www.trachtenverband-unterfranken.de\/index.php?rest_route=\/wp\/v2\/posts\/3692\/revisions\/3700"}],"wp:attachment":[{"href":"https:\/\/www.trachtenverband-unterfranken.de\/index.php?rest_route=%2Fwp%2Fv2%2Fmedia&parent=3692"}],"wp:term":[{"taxonomy":"category","embeddable":true,"href":"https:\/\/www.trachtenverband-unterfranken.de\/index.php?rest_route=%2Fwp%2Fv2%2Fcategories&post=3692"},{"taxonomy":"post_tag","embeddable":true,"href":"https:\/\/www.trachtenverband-unterfranken.de\/index.php?rest_route=%2Fwp%2Fv2%2Ftags&post=3692"}],"curies":[{"name":"wp","href":"https:\/\/api.w.org\/{rel}","templated":true}]}}