{"id":3761,"date":"2014-03-16T17:21:58","date_gmt":"2014-03-16T16:21:58","guid":{"rendered":"http:\/\/www.trachtenverband-unterfranken.de\/?p=3761"},"modified":"2014-03-16T17:21:58","modified_gmt":"2014-03-16T16:21:58","slug":"mubra-schulung-2014","status":"publish","type":"post","link":"https:\/\/www.trachtenverband-unterfranken.de\/?p=3761","title":{"rendered":"Mubra Schulung 2014"},"content":{"rendered":"<p><strong>Einladung zur Gauschulung<\/strong><\/p>\n<p>Mundart, Brauchtum und Laienspiel am Samstag, 05.04.2014<br \/>\num 14:00 Uhr &#8211; 17:00 Uhr<br \/>\nim &#8222;Trachtenheim&#8220; des Trachtenvereins W\u00fcrzburg 1903.<\/p>\n<p>Liebe Brauchtumswarte, ich m\u00f6chte Euch hiermit herzlich zu meiner Sachgebietsversammlung nach W\u00fcrzburg ins Trachtenheim des Trachtenvereins 1903 einladen. In diesem Jahr findet kein Versammlungswochenende des Trachtenverbandes Unterfranken e. V. statt.<\/p>\n<p>Folgende Tagesordnung habe ich vorgesehen:<\/p>\n<ul>\n<li>R\u00fcckblick auf 2013<\/li>\n<li>Wir suchen Kinderspiele<\/li>\n<li>Brauchtumsbibliothek f\u00fcr die Schulen<\/li>\n<li>Mundartabend in Sennfeld<\/li>\n<li>W\u00fcnsche und Sonstiges<\/li>\n<\/ul>\n<p>Neuwahlen stehen an.<\/p>\n<p>Die Sachgebietsschulung ist grunds\u00e4tzlich offen es kann ein jeder interessierter vom Verein kommen. \u00dcber eine zahlreiche Beteiligung w\u00fcrde ich mich freuen. Bitte kommt wie gewohnt in Euerer Tracht. Eine Anmeldung per E-Mail oder Telefon w\u00e4re mir recht.<\/p>\n<p>Adresse: Trachtenheim in W\u00fcrzburg<br \/>\nRichard &#8211; Wagner &#8211; Stra\u00dfe 60 97070 W\u00fcrzburg<\/p>\n<p>Mit freundlichen Trachtengru\u00df<br \/>\nUrsula Kullich<br \/>\nBrauchtumswartin<\/p>\n","protected":false},"excerpt":{"rendered":"<p>Einladung zur Gauschulung Mundart, Brauchtum und Laienspiel am Samstag, 05.04.2014 um 14:00 Uhr &#8211; 17:00 Uhr im &#8222;Trachtenheim&#8220; des Trachtenvereins W\u00fcrzburg 1903. Liebe Brauchtumswarte, ich m\u00f6chte Euch hiermit herzlich zu meiner Sachgebietsversammlung nach W\u00fcrzburg ins Trachtenheim des Trachtenvereins 1903 einladen. In diesem Jahr findet kein Versammlungswochenende des Trachtenverbandes Unterfranken e. V. statt. Folgende Tagesordnung habe &hellip; <a href=\"https:\/\/www.trachtenverband-unterfranken.de\/?p=3761\" class=\"more-link\"><span class=\"screen-reader-text\">Mubra Schulung 2014<\/span> weiterlesen<\/a><\/p>\n","protected":false},"author":3,"featured_media":0,"comment_status":"closed","ping_status":"closed","sticky":false,"template":"","format":"standard","meta":{"footnotes":""},"categories":[1,9,14],"tags":[],"_links":{"self":[{"href":"https:\/\/www.trachtenverband-unterfranken.de\/index.php?rest_route=\/wp\/v2\/posts\/3761"}],"collection":[{"href":"https:\/\/www.trachtenverband-unterfranken.de\/index.php?rest_route=\/wp\/v2\/posts"}],"about":[{"href":"https:\/\/www.trachtenverband-unterfranken.de\/index.php?rest_route=\/wp\/v2\/types\/post"}],"author":[{"embeddable":true,"href":"https:\/\/www.trachtenverband-unterfranken.de\/index.php?rest_route=\/wp\/v2\/users\/3"}],"replies":[{"embeddable":true,"href":"https:\/\/www.trachtenverband-unterfranken.de\/index.php?rest_route=%2Fwp%2Fv2%2Fcomments&post=3761"}],"version-history":[{"count":2,"href":"https:\/\/www.trachtenverband-unterfranken.de\/index.php?rest_route=\/wp\/v2\/posts\/3761\/revisions"}],"predecessor-version":[{"id":3764,"href":"https:\/\/www.trachtenverband-unterfranken.de\/index.php?rest_route=\/wp\/v2\/posts\/3761\/revisions\/3764"}],"wp:attachment":[{"href":"https:\/\/www.trachtenverband-unterfranken.de\/index.php?rest_route=%2Fwp%2Fv2%2Fmedia&parent=3761"}],"wp:term":[{"taxonomy":"category","embeddable":true,"href":"https:\/\/www.trachtenverband-unterfranken.de\/index.php?rest_route=%2Fwp%2Fv2%2Fcategories&post=3761"},{"taxonomy":"post_tag","embeddable":true,"href":"https:\/\/www.trachtenverband-unterfranken.de\/index.php?rest_route=%2Fwp%2Fv2%2Ftags&post=3761"}],"curies":[{"name":"wp","href":"https:\/\/api.w.org\/{rel}","templated":true}]}}