{"id":3772,"date":"2014-03-27T11:52:52","date_gmt":"2014-03-27T10:52:52","guid":{"rendered":"http:\/\/www.trachtenverband-unterfranken.de\/?p=3772"},"modified":"2014-03-27T11:54:26","modified_gmt":"2014-03-27T10:54:26","slug":"programmvorschau-der-bayern-plus-volksmusik-von-april-bis-mai-2014","status":"publish","type":"post","link":"https:\/\/www.trachtenverband-unterfranken.de\/?p=3772","title":{"rendered":"Programmvorschau der Bayern plus Volksmusik von April bis Mai 2014"},"content":{"rendered":"<p>Gr\u00fc\u00df Gott aus M\u00fcnchen!<\/p>\n<p>nachstehend erlaube ich mir, Ihnen\/Euch Informationen \u00fcber die kommenden BR-Volksmusiksendungen auf Bayern plus (<a href=\"http:\/\/www.bayern-plus.de\" target=\"_blank\">www.bayern-plus.de<\/a>) zukommen zu lassen:<\/p>\n<p><b>Regelm\u00e4\u00dfige Sendungen:<\/b><\/p>\n<p>Montag bis Freitag von 5-8 Uhr:\u00a0\u00a0\u00a0\u00a0\u00a0\u00a0\u00a0\u00a0\u00a0\u00a0 Bayern plus Heimatspiegel aus Altbayern, Schwaben und Franken.<\/p>\n<p>Montag bis Freitag von 16-19 Uhr:\u00a0\u00a0\u00a0\u00a0\u00a0\u00a0 Bayern plus Volksmusik aus Altbayern, Schwaben und Franken.<\/p>\n<p>Wochenende von 16-18 Uhr:\u00a0\u00a0\u00a0\u00a0\u00a0\u00a0\u00a0\u00a0\u00a0\u00a0\u00a0\u00a0\u00a0\u00a0\u00a0 Bayern plus Volksmusik aus Altbayern und Schwaben.<\/p>\n<p><!--more--><\/p>\n<p><b>Weitere regelm\u00e4\u00dfige Sendungen mit bayerischem Bezug:<\/b><\/p>\n<p>Samstag von 18-19 Uhr:\u00a0\u00a0\u00a0\u00a0 \u00a0Tradimix und Liedermacher (an jedem ersten Samstag im Monat mit Stofferl Well)<\/p>\n<p>Samstag von 19-20 Uhr:\u00a0\u00a0\u00a0\u00a0\u00a0 Im Wechsel: Radiospitzen (Wiederholung von B2) und Fr\u00e4nkische G\u00b4schichten.<\/p>\n<p>Sonntag von 14-15 Uhr:\u00a0\u00a0\u00a0\u00a0\u00a0\u00a0 Interessante Aufnahmen der Bayerischen Laienmusik, pr\u00e4sentiert von Simone Wichert.<\/p>\n<p>Sonntag von 15-16 Uhr:\u00a0\u00a0\u00a0\u00a0\u00a0\u00a0 &#8222;Alles Blasmusik&#8220; &#8211; Aufnahmen von Bayerischen Blasmusikkapellen.<\/p>\n<p>Sonntag von 18-19 Uhr:\u00a0\u00a0\u00a0\u00a0\u00a0\u00a0 Bayern plus-Schmankerln mit Bernt Lusteck: Bayerisch, Weltoffen, Exotisch und Skurril.<\/p>\n<p>&#8212;&#8212;&#8212;&#8212;&#8212;&#8212;&#8212;&#8212;&#8212;&#8212;&#8212;&#8212;&#8212;&#8212;&#8212;&#8212;&#8212;&#8212;&#8212;&#8212;&#8212;&#8212;&#8212;&#8212;&#8212;&#8212;&#8212;&#8212;&#8212;&#8212;&#8212;&#8212;&#8212;&#8212;&#8212;&#8212;&#8212;&#8212;&#8212;&#8212;&#8212;&#8212;&#8212;&#8212;&#8212;&#8212;&#8212;&#8212;&#8212;&#8212;&#8212;&#8212;&#8212;&#8212;&#8211;<\/p>\n<p><b>Programmschwerpunkte:<\/b><\/p>\n<p>Jeden Freitag begr\u00fc\u00dft Evi Strehl (Vertretung Andreas Estner oder Markus Tremmel) von 16 bis 18 Uhr Studiog\u00e4ste aus dem Bereich der Volksmusik, Mundart, Tradition, Tradimix und Liedermacher (Fotoleiste auf den Volksmusikseiten unter <a href=\"http:\/\/www.bayern-plus.de\">www.bayern-plus.de<\/a><\/p>\n<p>&nbsp;<\/p>\n<p>&nbsp;<\/p>\n<p>Freitag, 4. April 2014: Hofbr\u00e4uhauswirt Michael Sperger und Musikantin Franziska Eimer erz\u00e4hlen, wie sie das Ballermann-Image des Hofbr\u00e4uhauses ver\u00e4ndert haben. Ihnen wurde im Nov. 2013 f\u00fcr das gemeinsame Veranstaltungsformat &#8222;Musikantentreff im Hofbr\u00e4uhaus&#8220;.den\u00a0 Innovationspreis Volkskultur von der Stadt M\u00fcnchen verliehen. Moderation Evi Strehl<\/p>\n<p>Freitag, 11. April 2014: Zu Gast bei Andreas Estner ist der Haberer Zwoagsang und die Hirangl Musi aus Altom\u00fcnster.<\/p>\n<p>Freitag, 25. April 2014: Zu Gast sind die Mitglieder des Burschenvereins Aying eV.. Evi Strehl unterh\u00e4lt sich mit den jungen Oberbayern \u00fcbers Maibaumaufstellen, \u00fcbers Burschenbier in der Burschenh\u00fctte, alte und neue Br\u00e4uche auf dem Land und \u00fcber das 100- j\u00e4hrige Gr\u00fcndungsfest des Burschenverein Aying e.V., vom zu dem auch Ayinger Madln geh\u00f6ren.<\/p>\n<p>Freitag, 2. Mai 2014: Zu Gast bei Andreas Estner ist der oberbayerische Bezirksheimatpfleger Dr. Norbert G\u00f6ttler und berichtet von der bevorstehenden Ausstellung: &#8222;Dr. Bernhard von Gudden, der Gutachter K\u00f6nig Ludwig II.&#8220;. Die Fachberatung Heimatpflege bietet dazu von 15.05.-17.07.2014 eine Ausstellung im Maierhof des Klosters Benediktbeuern: \u00d6ffnungszeiten: Sonntags 11.00 bis 16.00 Uhr sowie dienstags und donnerstags 13.00 bis 17.00 Uhr.<\/p>\n<p>Freitag, 9. Mai 2014: Gast bei Evi Strehl ist Miche Huber, Gauvorstand vom Chiemgau Alpenverband, aktiver Musikant der Rottauer Klarinettenmusik und des Irlberg Trios<\/p>\n<p>Freitag, 16. Mai 2014: Peter Margreiter, Obmann vom Tiroler Volksmusikverein stellt die aktuelle CD der Stubaier Freitagsmusik vor und berichtet u.a. von den Vorbereitungen zum diesj\u00e4hrigen Alpenl\u00e4ndischen Volksmusikwettbewerb in Innsbruck\u00a0 (23.-26.10.2014). Moderation: Andreas Estner.<\/p>\n<p>Freitag, 23. Mai 2014: Marienwallfahrt in Bayern &#8211; Vom Straubinger Bogenberg bis nach Alt\u00f6tting. Von und mit Andreas Estner<\/p>\n<p>Freitag, 30. Mai 2014: Zu Gast bei Andreas Estner ist die Leiterin &#8222;Sachausschuss Volkslied und Volksmusik des Bayerischen Trachtenverbandes&#8220;, Gertrud Lindler.<\/p>\n<div>\n<p>&nbsp;<\/p>\n<\/div>\n<p>&nbsp;<\/p>\n<p>In unserer Reihe &#8222;<b>Sch\u00e4tze aus dem BR-Schallarchiv<\/b>&#8220; wiederholen wir an jedem Sonntag zwischen 16.05 und 17.00 Uhr die beliebten volkskundlichen Sendungen von Paul-Ernst Rattelm\u00fcller, dem langj\u00e4hrigen Oberbayerischen Bezirksheimatpfleger oder von anderen fr\u00fcheren ModeratorInnen:<\/p>\n<p>&nbsp;<\/p>\n<p>\u25a0Sonntag, 6. April 2014: Max Wieser: Schlo\u00df Staufeneck-Erstsendung 22.04.1979<\/p>\n<p>\u25a0Sonntag, 13. April 2014: Autor: Philipp Maas, Titel: So klingts bei uns\u2026.am Palmsonntag- Erstsendung 14.04.1992<\/p>\n<p>\u25a0(Oster)Sonntag, 20. M\u00e4rz 2014:\u00a0 Volksmusik zum Ostersonntag mit Willi Grosser, Erstsendung 26.03.1989.<\/p>\n<p>\u25a0Sonntag, 27. April 2014: Heimatpfleger Willi Mauthe (Pfaffenwinkel) \u2013 Erstsendung 23.3.1980<\/p>\n<p>\u25a0Sonntag, 04. Mai 2014: Marienverehrung im Mai \u2013 Erstsendung 20.05.1979<\/p>\n<p>\u25a0Sonntag, 11. Mai 2014: Marienwallfahrt zur Hardt-Kapelle bei Haunshofen \u2013 Erstsendung 21.05.1978<\/p>\n<p>\u25a0Sonntag, 18. Mai 2014: L\u00e4ndl. Kleingewerbe um die Jahrhundertwende 1900 \u2013 Erstsendung 10.05.1987<\/p>\n<p>\u25a0Sonntag, 25. Mai 2014: Holzdrift auf der Isar \u2013 Erstsendung 21.06.1987<\/p>\n<p>&nbsp;<\/p>\n<p><b>&#8212;&#8212;&#8212;&#8212;&#8212;&#8212;&#8212;&#8212;&#8212;&#8212;&#8212;&#8212;&#8212;&#8212;&#8212;&#8212;&#8212;&#8212;&#8212;&#8212;&#8212;&#8212;&#8212;&#8212;&#8212;&#8212;&#8212;&#8212;&#8212;&#8212;&#8212;&#8212;&#8212;&#8212;&#8212;&#8212;&#8212;&#8212;&#8212;&#8212;&#8212;&#8212;&#8212;&#8212;&#8212;&#8212;&#8212;&#8212;&#8212;&#8212;&#8212;&#8212;&#8212;&#8212;&#8212;&#8212;-<\/b><\/p>\n<p><b>\u00a0<\/b><\/p>\n<p><b>Feiertage von Ostern bis Christi Himmelfahrt:<\/b><\/p>\n<p><b>Karfreitag, 18. April 2014:<\/b><\/p>\n<p><b>16-17 Uhr: Heilig Kreuz \u2013 Du Baum des Lebens&#8220; \u2013 Passionssingen vom 30.03.1980 in Berchtesgaden, Sprecher: Pfarrer Franz Niegel.<\/b><\/p>\n<p><b>17-18 Uhr:\u00a0 Volksmusik zum Karfreitag aus Altbayern und Schwaben<\/b><\/p>\n<p><b>18-19 Uhr:\u00a0 Volksmusik zum Karfreitag aus Franken<\/b><\/p>\n<p><b>\u00a0<\/b><\/p>\n<p><b>Karsamstag, 19. April 2014:<\/b><\/p>\n<p><b>16-17 Uhr: Schon leuchtet das Ostermorgenrot \u2013 Passionssingen in Unterw\u00f6ssen vom 16.03.1986<\/b><\/p>\n<p><b>17-18 Uhr: Volksmusik zum Karsamstag aus Altbayern und Schwaben<\/b><\/p>\n<p><b>18-19 Uhr: Tradimix und Liedermacher&#8220; \u2013 Besinnliches in Wort und Musik.<\/b><\/p>\n<p><b>\u00a0<\/b><\/p>\n<p><b>Ostersonntag,\u00a0 20. April 2014:<\/b><\/p>\n<p><b>16-17 Uhr:\u00a0 Volksmusik zum Ostersonntag mit Willi Grosser, Erstsendung 26.03.1989.<\/b><\/p>\n<p><b>17-18 Uhr:\u00a0 Festliche Volksmusik zum Ostersonntag<\/b><\/p>\n<p><b>\u00a0<\/b><\/p>\n<p><b>Ostermontag, 21. April 2014:<\/b><\/p>\n<p><b>16-17 Uhr: &#8222;Heut geh ma in de rotn Oar&#8220; \u2013 Volksmusik zum Ostermontag mit Willi Grosser \u2013 Erstsendung 31.03.1986<\/b><\/p>\n<p><b>17-18 Uhr:\u00a0 Zithermusik zum Ostermontag<\/b><\/p>\n<p><b>18-19 Uhr:\u00a0 Volksmusik zum Ostermontag aus dem Studio Franken<\/b><\/p>\n<p><b>\u00a0<\/b><\/p>\n<p><b>Feiertag am Donnerstag 1. Mai 2014:<\/b><\/p>\n<p><b>16-17 Uhr: &#8222;Mit Volksmusik durchs Jahr \u2013 Der Mai&#8220;. Von und mit Fritz Strassner \u2013 Erstsendung am 1. Mai 1986.<\/b><\/p>\n<p><b>17-18 Uhr:\u00a0 Zithermusik zum Maifeiertag<\/b><\/p>\n<p><b>18-19 Uhr:\u00a0 Volksmusik zum 1. Mai aus dem Studio Franken<\/b><\/p>\n<p><b>\u00a0<\/b><\/p>\n<p><b>Feiertag am Donnerstag, 29. Mai 2014 \u2013 Christi Himmelfahrt:<\/b><\/p>\n<p><b>16-17 Uhr:\u00a0\u00a0\u00a0\u00a0 Volksmusik an Christi Himmelfahrt mit Evi Strehl<\/b><\/p>\n<p><b>17-18 Uhr:\u00a0\u00a0\u00a0\u00a0 Zithermusik<\/b><\/p>\n<p><b>18-19 Uhr:\u00a0\u00a0\u00a0\u00a0 Volksmusik aus dem Studio Franken<\/b><\/p>\n<p><b>&#8212;&#8212;&#8212;&#8212;&#8212;&#8212;&#8212;&#8212;&#8212;&#8212;&#8212;&#8212;&#8212;&#8212;&#8212;&#8212;&#8212;&#8212;&#8212;&#8212;&#8212;&#8212;&#8212;&#8212;&#8212;&#8212;&#8212;&#8212;&#8212;&#8212;&#8212;&#8212;&#8212;&#8212;&#8212;&#8212;&#8212;&#8212;&#8212;&#8212;&#8212;&#8212;&#8212;&#8212;&#8212;&#8212;&#8212;&#8212;&#8212;&#8212;&#8212;&#8212;&#8212;&#8212;<\/b><\/p>\n<p><b>\u00a0<\/b><\/p>\n<p><b>Tradimix und Liedermacher&#8220;:<\/b><\/p>\n<p>&nbsp;<\/p>\n<p>Immer samstags von 18-19 Uhr. Als besonderes Schmankerl pr\u00e4sentiert Christoph Well (Ex-Bierm\u00f6sl Blosn) an jedem ersten Samstag im Monat seine pers\u00f6nlichen Lieblingstitel und l\u00e4dt sich einen Studiogast ein. Mit dabei waren schon Gerhard Polt, Ringsgwandl, Franz Wittenbrink, Maximilian Br\u00fcckner, Stefan Dettl, Bob Ross,\u00a0 Alt-Intendant Dr. Thomas Gruber und der S\u00fcdtiroler Ausnahmemusiker Herbert Pixner.<\/p>\n<p>Jeweils die letzten sechs &#8222;Stofferl Well Sendungen&#8220; sind in gek\u00fcrzter Form nachzuh\u00f6ren unter <a href=\"http:\/\/www.bayern-plus.de\" target=\"_blank\">www.bayern-plus.de<\/a>\u00a0 (Volksmusikseiten, Tradimix und Liedermacher).<\/p>\n<p>Die n\u00e4chste Well-Sendung kommt am Samstag, 5. April und am Samstag, 3. Mai 2014.<\/p>\n<p>&nbsp;<\/p>\n","protected":false},"excerpt":{"rendered":"<p>Gr\u00fc\u00df Gott aus M\u00fcnchen! nachstehend erlaube ich mir, Ihnen\/Euch Informationen \u00fcber die kommenden BR-Volksmusiksendungen auf Bayern plus (www.bayern-plus.de) zukommen zu lassen: Regelm\u00e4\u00dfige Sendungen: Montag bis Freitag von 5-8 Uhr:\u00a0\u00a0\u00a0\u00a0\u00a0\u00a0\u00a0\u00a0\u00a0\u00a0 Bayern plus Heimatspiegel aus Altbayern, Schwaben und Franken. Montag bis Freitag von 16-19 Uhr:\u00a0\u00a0\u00a0\u00a0\u00a0\u00a0 Bayern plus Volksmusik aus Altbayern, Schwaben und Franken. Wochenende von 16-18 Uhr:\u00a0\u00a0\u00a0\u00a0\u00a0\u00a0\u00a0\u00a0\u00a0\u00a0\u00a0\u00a0\u00a0\u00a0\u00a0 &hellip; <a href=\"https:\/\/www.trachtenverband-unterfranken.de\/?p=3772\" class=\"more-link\"><span class=\"screen-reader-text\">Programmvorschau der Bayern plus Volksmusik von April bis Mai 2014<\/span> weiterlesen<\/a><\/p>\n","protected":false},"author":3,"featured_media":0,"comment_status":"closed","ping_status":"closed","sticky":false,"template":"","format":"standard","meta":{"footnotes":""},"categories":[1,11],"tags":[],"_links":{"self":[{"href":"https:\/\/www.trachtenverband-unterfranken.de\/index.php?rest_route=\/wp\/v2\/posts\/3772"}],"collection":[{"href":"https:\/\/www.trachtenverband-unterfranken.de\/index.php?rest_route=\/wp\/v2\/posts"}],"about":[{"href":"https:\/\/www.trachtenverband-unterfranken.de\/index.php?rest_route=\/wp\/v2\/types\/post"}],"author":[{"embeddable":true,"href":"https:\/\/www.trachtenverband-unterfranken.de\/index.php?rest_route=\/wp\/v2\/users\/3"}],"replies":[{"embeddable":true,"href":"https:\/\/www.trachtenverband-unterfranken.de\/index.php?rest_route=%2Fwp%2Fv2%2Fcomments&post=3772"}],"version-history":[{"count":2,"href":"https:\/\/www.trachtenverband-unterfranken.de\/index.php?rest_route=\/wp\/v2\/posts\/3772\/revisions"}],"predecessor-version":[{"id":3774,"href":"https:\/\/www.trachtenverband-unterfranken.de\/index.php?rest_route=\/wp\/v2\/posts\/3772\/revisions\/3774"}],"wp:attachment":[{"href":"https:\/\/www.trachtenverband-unterfranken.de\/index.php?rest_route=%2Fwp%2Fv2%2Fmedia&parent=3772"}],"wp:term":[{"taxonomy":"category","embeddable":true,"href":"https:\/\/www.trachtenverband-unterfranken.de\/index.php?rest_route=%2Fwp%2Fv2%2Fcategories&post=3772"},{"taxonomy":"post_tag","embeddable":true,"href":"https:\/\/www.trachtenverband-unterfranken.de\/index.php?rest_route=%2Fwp%2Fv2%2Ftags&post=3772"}],"curies":[{"name":"wp","href":"https:\/\/api.w.org\/{rel}","templated":true}]}}