{"id":3816,"date":"2014-04-27T18:25:37","date_gmt":"2014-04-27T16:25:37","guid":{"rendered":"http:\/\/www.trachtenverband-unterfranken.de\/?p=3816"},"modified":"2014-04-27T18:25:37","modified_gmt":"2014-04-27T16:25:37","slug":"gautrachtenwallfahrt-in-abtsroda-01-06-2014","status":"publish","type":"post","link":"https:\/\/www.trachtenverband-unterfranken.de\/?p=3816","title":{"rendered":"Gautrachtenwallfahrt in Abtsroda 01.06.2014"},"content":{"rendered":"<figure id=\"attachment_3817\" aria-describedby=\"caption-attachment-3817\" style=\"width: 300px\" class=\"wp-caption alignleft\"><a href=\"https:\/\/www.trachtenverband-unterfranken.de\/wp-content\/uploads\/2014\/04\/DCP_0022.jpg\"><img loading=\"lazy\" decoding=\"async\" class=\"size-medium wp-image-3817\" src=\"https:\/\/www.trachtenverband-unterfranken.de\/wp-content\/uploads\/2014\/04\/DCP_0022-300x224.jpg\" alt=\"Gauwallfahrt 2008\" width=\"300\" height=\"224\" srcset=\"https:\/\/www.trachtenverband-unterfranken.de\/wp-content\/uploads\/2014\/04\/DCP_0022-300x224.jpg 300w, https:\/\/www.trachtenverband-unterfranken.de\/wp-content\/uploads\/2014\/04\/DCP_0022.jpg 667w\" sizes=\"(max-width: 300px) 100vw, 300px\" \/><\/a><figcaption id=\"caption-attachment-3817\" class=\"wp-caption-text\">Gauwallfahrt 2008<\/figcaption><\/figure>\n<p>Liebe Trachtenfreunde,<\/p>\n<p>&nbsp;<\/p>\n<p>der Trachtenverein Abtsroda l\u00e4dt heuer zur Gauwallfahrt in die hess. Rh\u00f6n ein.<\/p>\n<p>Am Sonntag, 01.06.2014, treffen wir uns am Trachtenhaus in Abtsroda zur Gauwallfahrt:<\/p>\n<p>09.30 Uhr Aufstellung zur Wallfahrt<\/p>\n<p>09.45 Uhr Wallfahrtsbeginn zum Weiherberg, begleitet durch die Musikkapelle Poppenhausen\/Rh\u00f6n.<\/p>\n<p>11.00 Uhr Bergmesse auf dem Weiherberg, anschlie\u00dfend R\u00fcckmarsch in lockerer Formation nach Abtsroda zum Vereinsheim. Dort gibt es f\u00fcr die Trachtlerinnen und Trachtler Mittagessen und Kaffee und Kuchen.<\/p>\n<p>F\u00fcr die Teilnehmer, die nicht mehr so gut zu Fu\u00df sind, ist ein Fahrdienst eingerichtet, so dass auch diese Trachtenfreunde mit zu Bergmesse gehen k\u00f6nnen.<\/p>\n<p>F\u00fcr uns Trachtler ist an diesem Tag Festtagstracht angebracht (sollte es sehr hei\u00df sein, gen\u00fcgt auch Tanztracht). Die Vereinsfahnen und Gaufahnen gehen zur Prozession und zum Gottesdienst mit auf den Weiherberg<\/p>\n<p>Ich bitte alle Trachtenfreunde um eine rege Teilnahme an unserer Gautrachtenwallfahrt.<\/p>\n<p>&nbsp;<\/p>\n<p>Am Vorabend (Samstag 31.05.2014) spielen ab 20.00 Uhr im Trachtenhaus Abtsroda die Waldfensterer Rucksackmusikanten auf. Es darf auch getanzt werden und ein z\u00fcnftiger Abend im Kreise der Trachtler wartet auf uns.<\/p>\n<p>&nbsp;<\/p>\n<p>Die jeweiligen Trachtenvereine m\u00f6gen bitte die Anfahrt (und ggf. \u00dcbernachtung, wer schon am Samstag anreist) selbst organisieren.<\/p>\n<p>&nbsp;<\/p>\n<p>Mit freundlichen Gr\u00fc\u00dfen<\/p>\n<p>&nbsp;<\/p>\n<p>&nbsp;<\/p>\n<p>Oliver Brust<\/p>\n<p>1. Gauvorstand<\/p>\n<p>Trachtenverband Unterfranken e.V.<\/p>\n<p>Unterdorf 29<\/p>\n<p>97505 Geldersheim<\/p>\n<p>Tel. 09721\/802423<\/p>\n<p>Mobil: 0160-2455067<\/p>\n<p>Fax 03222-3712016<\/p>\n<p>Mail: <a href=\"mailto:oliver.brust@tv-ufr.de\">oliver.brust@tv-ufr.de<\/a><\/p>\n<p><a href=\"https:\/\/www.trachtenverband-unterfranken.de\/\">www.trachtenverband-unterfranken.de<\/a><\/p>\n<p>&nbsp;<\/p>\n<p>&nbsp;<\/p>\n","protected":false},"excerpt":{"rendered":"<p>Liebe Trachtenfreunde, &nbsp; der Trachtenverein Abtsroda l\u00e4dt heuer zur Gauwallfahrt in die hess. Rh\u00f6n ein. Am Sonntag, 01.06.2014, treffen wir uns am Trachtenhaus in Abtsroda zur Gauwallfahrt: 09.30 Uhr Aufstellung zur Wallfahrt 09.45 Uhr Wallfahrtsbeginn zum Weiherberg, begleitet durch die Musikkapelle Poppenhausen\/Rh\u00f6n. 11.00 Uhr Bergmesse auf dem Weiherberg, anschlie\u00dfend R\u00fcckmarsch in lockerer Formation nach Abtsroda &hellip; <a href=\"https:\/\/www.trachtenverband-unterfranken.de\/?p=3816\" class=\"more-link\"><span class=\"screen-reader-text\">Gautrachtenwallfahrt in Abtsroda 01.06.2014<\/span> weiterlesen<\/a><\/p>\n","protected":false},"author":2,"featured_media":0,"comment_status":"closed","ping_status":"closed","sticky":false,"template":"","format":"standard","meta":{"footnotes":""},"categories":[1,9,35,11,12],"tags":[64,69,63],"_links":{"self":[{"href":"https:\/\/www.trachtenverband-unterfranken.de\/index.php?rest_route=\/wp\/v2\/posts\/3816"}],"collection":[{"href":"https:\/\/www.trachtenverband-unterfranken.de\/index.php?rest_route=\/wp\/v2\/posts"}],"about":[{"href":"https:\/\/www.trachtenverband-unterfranken.de\/index.php?rest_route=\/wp\/v2\/types\/post"}],"author":[{"embeddable":true,"href":"https:\/\/www.trachtenverband-unterfranken.de\/index.php?rest_route=\/wp\/v2\/users\/2"}],"replies":[{"embeddable":true,"href":"https:\/\/www.trachtenverband-unterfranken.de\/index.php?rest_route=%2Fwp%2Fv2%2Fcomments&post=3816"}],"version-history":[{"count":1,"href":"https:\/\/www.trachtenverband-unterfranken.de\/index.php?rest_route=\/wp\/v2\/posts\/3816\/revisions"}],"predecessor-version":[{"id":3818,"href":"https:\/\/www.trachtenverband-unterfranken.de\/index.php?rest_route=\/wp\/v2\/posts\/3816\/revisions\/3818"}],"wp:attachment":[{"href":"https:\/\/www.trachtenverband-unterfranken.de\/index.php?rest_route=%2Fwp%2Fv2%2Fmedia&parent=3816"}],"wp:term":[{"taxonomy":"category","embeddable":true,"href":"https:\/\/www.trachtenverband-unterfranken.de\/index.php?rest_route=%2Fwp%2Fv2%2Fcategories&post=3816"},{"taxonomy":"post_tag","embeddable":true,"href":"https:\/\/www.trachtenverband-unterfranken.de\/index.php?rest_route=%2Fwp%2Fv2%2Ftags&post=3816"}],"curies":[{"name":"wp","href":"https:\/\/api.w.org\/{rel}","templated":true}]}}