{"id":3870,"date":"2014-07-10T09:09:25","date_gmt":"2014-07-10T07:09:25","guid":{"rendered":"http:\/\/www.trachtenverband-unterfranken.de\/?p=3870"},"modified":"2014-07-10T09:08:07","modified_gmt":"2014-07-10T07:08:07","slug":"13-07-2014-unterfraenkisches-volksmusikfest","status":"publish","type":"post","link":"https:\/\/www.trachtenverband-unterfranken.de\/?p=3870","title":{"rendered":"13.07.2014 Unterfr\u00e4nkisches Volksmusikfest"},"content":{"rendered":"<p>Liebe Brauchtumsfreunde,<\/p>\n<p>am Sonntag, 13.07.2014 findet das Unterfr\u00e4nkische Volksmusikfest der ARGE Volksmusik Unterfranken in Geldersheim statt. Der stattliche Ort im Schweinfurter\u00a0Landkreis bietet eine herrliche Kulisse f\u00fcr die \u00fcber 35 Musik-, Gesangs- und Tanzgruppen, die an verschiedenen Pl\u00e4tzen im Ort auftreten. Das Volksmusikfest wird in Geldersheim von drei Vereinen organisiert: Gesang- und Musikverein (140-j\u00e4hriges Jubil\u00e4um), Verein f. Heimat- und Brauchtumspflege Geldersheim und 1. FC Geldersheim. Ein weiterer Jubil\u00e4umsanlass ist das 25-j\u00e4hrige Bestehen der Volksmusikgruppe \u201cDie Galderschummer Schlapperflicker\u201d. Gef\u00f6rdert wird die Veranstaltung vom Bezirk Unterfranken.<\/p>\n<p>Wir laden alle Volksmusikfreunde und Volkstanzfreunde herzlich zum Volksmusikfest nach Geldersheim ein. Im Sch\u00fctzengarten, im Anwesen Reinfried Nicolaus, auf dem Plua (=Marktplatz) und in den Gaden (=Kirchenburg) spielen Musikgruppen auf . Es wird vorgetanzt und es d\u00fcrfen auch die G\u00e4ste tanzen. Um 16.00 Uhr zum Beispiel die Weidenberger Francaise im Unterdorf beim Anwesen Nicolaus. In der Pfarrkirche sind geistliche Lieder zu h\u00f6ren und im Gasthaus Fr\u00e4nkischer Hof veranstaltet Peter Kluge ein Wirtshaussingen.<\/p>\n<p><a href=\"https:\/\/www.trachtenverband-unterfranken.de\/wp-content\/uploads\/2014\/07\/2014-07-13-Handzettel-Volksmusikfest.pdf\">2014-07-13-Handzettel-Volksmusikfest<\/a><\/p>\n<div id='gallery-1' class='gallery galleryid-3870 gallery-columns-3 gallery-size-thumbnail'><figure class='gallery-item'>\n\t\t\t<div class='gallery-icon landscape'>\n\t\t\t\t<a href='https:\/\/www.trachtenverband-unterfranken.de\/wp-content\/uploads\/2014\/07\/2014-07-13-Handzettel-Volksmusikfest-S.-2-kleiner.jpg'><img loading=\"lazy\" decoding=\"async\" width=\"150\" height=\"150\" src=\"https:\/\/www.trachtenverband-unterfranken.de\/wp-content\/uploads\/2014\/07\/2014-07-13-Handzettel-Volksmusikfest-S.-2-kleiner-150x150.jpg\" class=\"attachment-thumbnail size-thumbnail\" alt=\"\" \/><\/a>\n\t\t\t<\/div><\/figure><figure class='gallery-item'>\n\t\t\t<div class='gallery-icon landscape'>\n\t\t\t\t<a href='https:\/\/www.trachtenverband-unterfranken.de\/wp-content\/uploads\/2014\/07\/2014-07-13-Handzettel-Volksmusikfest-S.-1-kleiner.jpg'><img loading=\"lazy\" decoding=\"async\" width=\"150\" height=\"150\" src=\"https:\/\/www.trachtenverband-unterfranken.de\/wp-content\/uploads\/2014\/07\/2014-07-13-Handzettel-Volksmusikfest-S.-1-kleiner-150x150.jpg\" class=\"attachment-thumbnail size-thumbnail\" alt=\"\" \/><\/a>\n\t\t\t<\/div><\/figure>\n\t\t<\/div>\n\n","protected":false},"excerpt":{"rendered":"<p>Liebe Brauchtumsfreunde, am Sonntag, 13.07.2014 findet das Unterfr\u00e4nkische Volksmusikfest der ARGE Volksmusik Unterfranken in Geldersheim statt. Der stattliche Ort im Schweinfurter\u00a0Landkreis bietet eine herrliche Kulisse f\u00fcr die \u00fcber 35 Musik-, Gesangs- und Tanzgruppen, die an verschiedenen Pl\u00e4tzen im Ort auftreten. Das Volksmusikfest wird in Geldersheim von drei Vereinen organisiert: Gesang- und Musikverein (140-j\u00e4hriges Jubil\u00e4um), Verein &hellip; <a href=\"https:\/\/www.trachtenverband-unterfranken.de\/?p=3870\" class=\"more-link\"><span class=\"screen-reader-text\">13.07.2014 Unterfr\u00e4nkisches Volksmusikfest<\/span> weiterlesen<\/a><\/p>\n","protected":false},"author":3,"featured_media":0,"comment_status":"closed","ping_status":"closed","sticky":false,"template":"","format":"standard","meta":{"footnotes":""},"categories":[1,9,11],"tags":[],"_links":{"self":[{"href":"https:\/\/www.trachtenverband-unterfranken.de\/index.php?rest_route=\/wp\/v2\/posts\/3870"}],"collection":[{"href":"https:\/\/www.trachtenverband-unterfranken.de\/index.php?rest_route=\/wp\/v2\/posts"}],"about":[{"href":"https:\/\/www.trachtenverband-unterfranken.de\/index.php?rest_route=\/wp\/v2\/types\/post"}],"author":[{"embeddable":true,"href":"https:\/\/www.trachtenverband-unterfranken.de\/index.php?rest_route=\/wp\/v2\/users\/3"}],"replies":[{"embeddable":true,"href":"https:\/\/www.trachtenverband-unterfranken.de\/index.php?rest_route=%2Fwp%2Fv2%2Fcomments&post=3870"}],"version-history":[{"count":3,"href":"https:\/\/www.trachtenverband-unterfranken.de\/index.php?rest_route=\/wp\/v2\/posts\/3870\/revisions"}],"predecessor-version":[{"id":3876,"href":"https:\/\/www.trachtenverband-unterfranken.de\/index.php?rest_route=\/wp\/v2\/posts\/3870\/revisions\/3876"}],"wp:attachment":[{"href":"https:\/\/www.trachtenverband-unterfranken.de\/index.php?rest_route=%2Fwp%2Fv2%2Fmedia&parent=3870"}],"wp:term":[{"taxonomy":"category","embeddable":true,"href":"https:\/\/www.trachtenverband-unterfranken.de\/index.php?rest_route=%2Fwp%2Fv2%2Fcategories&post=3870"},{"taxonomy":"post_tag","embeddable":true,"href":"https:\/\/www.trachtenverband-unterfranken.de\/index.php?rest_route=%2Fwp%2Fv2%2Ftags&post=3870"}],"curies":[{"name":"wp","href":"https:\/\/api.w.org\/{rel}","templated":true}]}}