{"id":3877,"date":"2014-07-08T10:33:53","date_gmt":"2014-07-08T08:33:53","guid":{"rendered":"http:\/\/www.trachtenverband-unterfranken.de\/?p=3877"},"modified":"2014-07-08T10:33:53","modified_gmt":"2014-07-08T08:33:53","slug":"15-08-2014-fraenkisches-mariensingen","status":"publish","type":"post","link":"https:\/\/www.trachtenverband-unterfranken.de\/?p=3877","title":{"rendered":"15.08.2014 Fr\u00e4nkisches Mariensingen"},"content":{"rendered":"<p>Maria Himmelfahrt<\/p>\n<p>15. August 2014<\/p>\n<p>Beginn: 17.00 Uhr<\/p>\n<p>&nbsp;<\/p>\n<p>Es singen und musizieren:<\/p>\n<p>Alphornquartett Heidenfeld<\/p>\n<p>Gebr. Richl, W\u00fcrzburg<\/p>\n<p>Ha\u00dffurter Stubenmusik<\/p>\n<p>Hofheimer S\u00e4nger<\/p>\n<p>Landfrauenchor Ha\u00dfberge<\/p>\n<p>Urlesbacher Musikanten<\/p>\n<p>&nbsp;<\/p>\n<p>Eintritt 8,&#8211; \u20ac<\/p>\n<p>Kein Vorverkauf!<\/p>\n<p>&nbsp;<\/p>\n<p>Eine Veranstaltung in Zusammenarbeit mit der ARGE Fr\u00e4nk. Volksmusik<\/p>\n<p>Regierungsbezirk Unterfranken<\/p>\n<p>Kontaktadresse: Wallfahrtsf\u00fchrer Robert Gie\u00df\u00fcbel, Oberer Dorfgraben 9, 97506 Grafenrheinfeld, Tel. 0 97 23 \/ 72 17<\/p>\n<p>&nbsp;<\/p>\n","protected":false},"excerpt":{"rendered":"<p>Maria Himmelfahrt 15. August 2014 Beginn: 17.00 Uhr &nbsp; Es singen und musizieren: Alphornquartett Heidenfeld Gebr. Richl, W\u00fcrzburg Ha\u00dffurter Stubenmusik Hofheimer S\u00e4nger Landfrauenchor Ha\u00dfberge Urlesbacher Musikanten &nbsp; Eintritt 8,&#8211; \u20ac Kein Vorverkauf! &nbsp; Eine Veranstaltung in Zusammenarbeit mit der ARGE Fr\u00e4nk. Volksmusik Regierungsbezirk Unterfranken Kontaktadresse: Wallfahrtsf\u00fchrer Robert Gie\u00df\u00fcbel, Oberer Dorfgraben 9, 97506 Grafenrheinfeld, Tel. 0 &hellip; <a href=\"https:\/\/www.trachtenverband-unterfranken.de\/?p=3877\" class=\"more-link\"><span class=\"screen-reader-text\">15.08.2014 Fr\u00e4nkisches Mariensingen<\/span> weiterlesen<\/a><\/p>\n","protected":false},"author":3,"featured_media":0,"comment_status":"closed","ping_status":"closed","sticky":false,"template":"","format":"standard","meta":{"footnotes":""},"categories":[1,9],"tags":[],"_links":{"self":[{"href":"https:\/\/www.trachtenverband-unterfranken.de\/index.php?rest_route=\/wp\/v2\/posts\/3877"}],"collection":[{"href":"https:\/\/www.trachtenverband-unterfranken.de\/index.php?rest_route=\/wp\/v2\/posts"}],"about":[{"href":"https:\/\/www.trachtenverband-unterfranken.de\/index.php?rest_route=\/wp\/v2\/types\/post"}],"author":[{"embeddable":true,"href":"https:\/\/www.trachtenverband-unterfranken.de\/index.php?rest_route=\/wp\/v2\/users\/3"}],"replies":[{"embeddable":true,"href":"https:\/\/www.trachtenverband-unterfranken.de\/index.php?rest_route=%2Fwp%2Fv2%2Fcomments&post=3877"}],"version-history":[{"count":1,"href":"https:\/\/www.trachtenverband-unterfranken.de\/index.php?rest_route=\/wp\/v2\/posts\/3877\/revisions"}],"predecessor-version":[{"id":3878,"href":"https:\/\/www.trachtenverband-unterfranken.de\/index.php?rest_route=\/wp\/v2\/posts\/3877\/revisions\/3878"}],"wp:attachment":[{"href":"https:\/\/www.trachtenverband-unterfranken.de\/index.php?rest_route=%2Fwp%2Fv2%2Fmedia&parent=3877"}],"wp:term":[{"taxonomy":"category","embeddable":true,"href":"https:\/\/www.trachtenverband-unterfranken.de\/index.php?rest_route=%2Fwp%2Fv2%2Fcategories&post=3877"},{"taxonomy":"post_tag","embeddable":true,"href":"https:\/\/www.trachtenverband-unterfranken.de\/index.php?rest_route=%2Fwp%2Fv2%2Ftags&post=3877"}],"curies":[{"name":"wp","href":"https:\/\/api.w.org\/{rel}","templated":true}]}}