{"id":3887,"date":"2014-07-22T08:55:40","date_gmt":"2014-07-22T06:55:40","guid":{"rendered":"http:\/\/www.trachtenverband-unterfranken.de\/?p=3887"},"modified":"2014-07-22T09:25:23","modified_gmt":"2014-07-22T07:25:23","slug":"gaujugend-termine","status":"publish","type":"post","link":"https:\/\/www.trachtenverband-unterfranken.de\/?p=3887","title":{"rendered":"GauJugend Termine"},"content":{"rendered":"<p>Liebe Jugendleiter, Vorst\u00e4nde und Interessierte,<\/p>\n<p>anbei die aktuelle Terminliste f\u00fcr die Trachtenjugend Ufr., weitere Termine f\u00fcr den Trachtenverband Ufr. findet ihr auf der Homepage vom Trachtenverband Ufr. (<a href=\"https:\/\/www.trachtenverband-unterfranken.de\/?page_id=93\" target=\"_blank\">Termine<\/a>)<\/p>\n<p>Wir freuen uns \u00fcber eine zahlreiche Teilnehmer an den Terminen.<\/p>\n<p>Weiter Termine k\u00f6nnen noch nicht benannt werden, aber es fehlen noch die Jugendleiterschulung im Fr\u00fchjahr, zusammen mit der Fr\u00fchjahrsgauversammlung. Unsere Schulungen und Proben sind f\u00fcr alle offen, es k\u00f6nnen nicht nur direkt betroffen teilnehmen,. Wir freuen uns alle Interessierte<\/p>\n<p>Sabine und Inge<\/p>\n<p><a href=\"https:\/\/www.trachtenverband-unterfranken.de\/wp-content\/uploads\/2011\/07\/GauTermine-Jugend.pdf\">GauTermine Jugend<\/a> (PDF)<\/p>\n<p><!--more--><\/p>\n<table width=\"555\">\n<tbody>\n<tr>\n<td width=\"223\"><strong>Datum<\/strong><\/td>\n<td width=\"360\"><strong>Anlass<\/strong><\/td>\n<td width=\"302\"><strong>Ort<\/strong><\/td>\n<\/tr>\n<tr>\n<td width=\"223\">19.07.2014<\/td>\n<td width=\"360\">Gaujugendtanzprobe<\/td>\n<td width=\"302\">Sennfeld<br \/>\nHandwerkerstr. 6<\/td>\n<\/tr>\n<tr>\n<td width=\"223\">27.+28.09.2014<\/td>\n<td width=\"360\">Landestagung bay. Trachtenverband<\/td>\n<td width=\"302\">Mainz,<br \/>\nRhein-Main-Gau<\/td>\n<\/tr>\n<tr>\n<td width=\"223\">11.10.2014<br \/>\n? 09:00 Uhr<\/td>\n<td width=\"360\">Seminar des bay. Trachtenverband<\/td>\n<td width=\"302\">Sennfeld Am T\u00e4nnig 3,<br \/>\nWaldsportanlage<\/td>\n<\/tr>\n<tr>\n<td width=\"223\">18.10.2014<br \/>\n16:00 Uhr<\/td>\n<td width=\"360\">Gaujugendtanzprobe<\/td>\n<td width=\"302\">Sennfeld<br \/>\nHandwerkerstr. 6<\/td>\n<\/tr>\n<tr>\n<td width=\"223\">19.10.2014<\/td>\n<td width=\"360\">Gauversammlung<\/td>\n<td width=\"302\">Waldhaus Almrausch,<br \/>\nTV SW 1902<\/td>\n<\/tr>\n<tr>\n<td width=\"223\">25.+26.10.2014<\/td>\n<td width=\"360\">Jugendleiterschulung und \u00fcberreg. Tanzprobe<\/td>\n<td width=\"302\">Gasthaus &#8222;Zum wei\u00dfen Ro\u00df&#8220; in Go\u00dfmannsdorf<\/td>\n<\/tr>\n<tr>\n<td width=\"223\">17.01.2015<br \/>\n16:00 Uhr<\/td>\n<td width=\"360\">Gaujugendtanzprobe<\/td>\n<td width=\"302\">Sennfeld<br \/>\nHandwerkerstr. 6<\/td>\n<\/tr>\n<tr>\n<td width=\"223\">18.04.2015<br \/>\n16:00 Uhr<\/td>\n<td width=\"360\">Gaujugendtanzprobe<\/td>\n<td width=\"302\">Sennfeld<br \/>\nHandwerkerstr. 6<\/td>\n<\/tr>\n<tr>\n<td width=\"223\">09.05.2015<br \/>\n13:30 Uhr<\/td>\n<td width=\"360\">Jugendtanznachmittag<\/td>\n<td width=\"302\">Karlstadt<\/td>\n<\/tr>\n<tr>\n<td width=\"223\">18.07.2015<br \/>\n16:00 Uhr<\/td>\n<td width=\"360\">Gaujugendtranzprobe<\/td>\n<td width=\"302\">Sennfeld<br \/>\nHandwerkerstr. 6<\/td>\n<\/tr>\n<tr>\n<td width=\"223\">06.-09.08.2015<\/td>\n<td width=\"360\">Jugendbildungsma\u00dfnahme<\/td>\n<td width=\"302\">Jugendzeltplatz Holzhausen<\/td>\n<\/tr>\n<tr>\n<td width=\"223\">17.10.2015<br \/>\n16:00 Uhr<\/td>\n<td width=\"360\">Gaujugendtanzprobe<\/td>\n<td width=\"302\">Sennfeld<br \/>\nHandwerkerstr. 6<\/td>\n<\/tr>\n<\/tbody>\n<\/table>\n","protected":false},"excerpt":{"rendered":"<p>Liebe Jugendleiter, Vorst\u00e4nde und Interessierte, anbei die aktuelle Terminliste f\u00fcr die Trachtenjugend Ufr., weitere Termine f\u00fcr den Trachtenverband Ufr. findet ihr auf der Homepage vom Trachtenverband Ufr. (Termine) Wir freuen uns \u00fcber eine zahlreiche Teilnehmer an den Terminen. Weiter Termine k\u00f6nnen noch nicht benannt werden, aber es fehlen noch die Jugendleiterschulung im Fr\u00fchjahr, zusammen mit &hellip; <a href=\"https:\/\/www.trachtenverband-unterfranken.de\/?p=3887\" class=\"more-link\"><span class=\"screen-reader-text\">GauJugend Termine<\/span> weiterlesen<\/a><\/p>\n","protected":false},"author":3,"featured_media":0,"comment_status":"closed","ping_status":"closed","sticky":false,"template":"","format":"standard","meta":{"footnotes":""},"categories":[1,9],"tags":[],"_links":{"self":[{"href":"https:\/\/www.trachtenverband-unterfranken.de\/index.php?rest_route=\/wp\/v2\/posts\/3887"}],"collection":[{"href":"https:\/\/www.trachtenverband-unterfranken.de\/index.php?rest_route=\/wp\/v2\/posts"}],"about":[{"href":"https:\/\/www.trachtenverband-unterfranken.de\/index.php?rest_route=\/wp\/v2\/types\/post"}],"author":[{"embeddable":true,"href":"https:\/\/www.trachtenverband-unterfranken.de\/index.php?rest_route=\/wp\/v2\/users\/3"}],"replies":[{"embeddable":true,"href":"https:\/\/www.trachtenverband-unterfranken.de\/index.php?rest_route=%2Fwp%2Fv2%2Fcomments&post=3887"}],"version-history":[{"count":6,"href":"https:\/\/www.trachtenverband-unterfranken.de\/index.php?rest_route=\/wp\/v2\/posts\/3887\/revisions"}],"predecessor-version":[{"id":3893,"href":"https:\/\/www.trachtenverband-unterfranken.de\/index.php?rest_route=\/wp\/v2\/posts\/3887\/revisions\/3893"}],"wp:attachment":[{"href":"https:\/\/www.trachtenverband-unterfranken.de\/index.php?rest_route=%2Fwp%2Fv2%2Fmedia&parent=3887"}],"wp:term":[{"taxonomy":"category","embeddable":true,"href":"https:\/\/www.trachtenverband-unterfranken.de\/index.php?rest_route=%2Fwp%2Fv2%2Fcategories&post=3887"},{"taxonomy":"post_tag","embeddable":true,"href":"https:\/\/www.trachtenverband-unterfranken.de\/index.php?rest_route=%2Fwp%2Fv2%2Ftags&post=3887"}],"curies":[{"name":"wp","href":"https:\/\/api.w.org\/{rel}","templated":true}]}}