{"id":3899,"date":"2014-07-27T11:14:55","date_gmt":"2014-07-27T09:14:55","guid":{"rendered":"http:\/\/www.trachtenverband-unterfranken.de\/?p=3899"},"modified":"2014-07-27T11:15:08","modified_gmt":"2014-07-27T09:15:08","slug":"herzliche-einladung-zur-gauverwaltungssitzung","status":"publish","type":"post","link":"https:\/\/www.trachtenverband-unterfranken.de\/?p=3899","title":{"rendered":"Herzliche Einladung zur Gauverwaltungssitzung"},"content":{"rendered":"<p><strong>An alle Gauverwaltungsmitglieder und Ehrenmitglieder: Herzliche Einladung zur Gauverwaltungssitzung<\/strong><\/p>\n<p><strong>Am Freitag, 08.08.2014, 19.30 Uhr,<\/strong> in Dittelbrunn im Vereinsheim Almrausch<\/p>\n<p>Themen:<\/p>\n<ul>\n<li>Nachlese Gaufest Schweinfurt<\/li>\n<li>Nachlese Gauball<\/li>\n<li>Zimmer in Holzhausen<\/li>\n<li>Vorbereitung Neuwahlen im Oktober<\/li>\n<li>Berichte aus den Sachgebieten und Jugend<\/li>\n<li>Sonstiges<\/li>\n<\/ul>\n<p>Ich freue mich \u00fcber eine zahlreiche Beteiligung.<\/p>\n<p>Mit freundlichen Gr\u00fc\u00dfen<\/p>\n<p>Oliver Brust<\/p>\n","protected":false},"excerpt":{"rendered":"<p>An alle Gauverwaltungsmitglieder und Ehrenmitglieder: Herzliche Einladung zur Gauverwaltungssitzung Am Freitag, 08.08.2014, 19.30 Uhr, in Dittelbrunn im Vereinsheim Almrausch Themen: Nachlese Gaufest Schweinfurt Nachlese Gauball Zimmer in Holzhausen Vorbereitung Neuwahlen im Oktober Berichte aus den Sachgebieten und Jugend Sonstiges Ich freue mich \u00fcber eine zahlreiche Beteiligung. Mit freundlichen Gr\u00fc\u00dfen Oliver Brust<\/p>\n","protected":false},"author":3,"featured_media":0,"comment_status":"closed","ping_status":"closed","sticky":false,"template":"","format":"standard","meta":{"footnotes":""},"categories":[1,9],"tags":[],"_links":{"self":[{"href":"https:\/\/www.trachtenverband-unterfranken.de\/index.php?rest_route=\/wp\/v2\/posts\/3899"}],"collection":[{"href":"https:\/\/www.trachtenverband-unterfranken.de\/index.php?rest_route=\/wp\/v2\/posts"}],"about":[{"href":"https:\/\/www.trachtenverband-unterfranken.de\/index.php?rest_route=\/wp\/v2\/types\/post"}],"author":[{"embeddable":true,"href":"https:\/\/www.trachtenverband-unterfranken.de\/index.php?rest_route=\/wp\/v2\/users\/3"}],"replies":[{"embeddable":true,"href":"https:\/\/www.trachtenverband-unterfranken.de\/index.php?rest_route=%2Fwp%2Fv2%2Fcomments&post=3899"}],"version-history":[{"count":1,"href":"https:\/\/www.trachtenverband-unterfranken.de\/index.php?rest_route=\/wp\/v2\/posts\/3899\/revisions"}],"predecessor-version":[{"id":3900,"href":"https:\/\/www.trachtenverband-unterfranken.de\/index.php?rest_route=\/wp\/v2\/posts\/3899\/revisions\/3900"}],"wp:attachment":[{"href":"https:\/\/www.trachtenverband-unterfranken.de\/index.php?rest_route=%2Fwp%2Fv2%2Fmedia&parent=3899"}],"wp:term":[{"taxonomy":"category","embeddable":true,"href":"https:\/\/www.trachtenverband-unterfranken.de\/index.php?rest_route=%2Fwp%2Fv2%2Fcategories&post=3899"},{"taxonomy":"post_tag","embeddable":true,"href":"https:\/\/www.trachtenverband-unterfranken.de\/index.php?rest_route=%2Fwp%2Fv2%2Ftags&post=3899"}],"curies":[{"name":"wp","href":"https:\/\/api.w.org\/{rel}","templated":true}]}}