{"id":419,"date":"2009-05-27T15:28:25","date_gmt":"2009-05-27T14:28:25","guid":{"rendered":"http:\/\/trachtenverband-unterfranken.de\/wordpress\/?p=419"},"modified":"2009-05-27T15:28:25","modified_gmt":"2009-05-27T14:28:25","slug":"ochsentour-mit-den-schlapperflicker","status":"publish","type":"post","link":"https:\/\/www.trachtenverband-unterfranken.de\/?p=419","title":{"rendered":"Ochsentour mit den Schlapperflicker"},"content":{"rendered":"<p>Br\u00fcnnau \/ Geldersheim<br \/>\nDie Volksmusikgruppe &#8222;Die Galderschummer  Schlapperflicker&#8220; machte sich auch heuer wie letztes Jahr mit Fritz Reuter  aus Br\u00fcnnau am Christihimmelfahrtstag auf zu einer Ochsentour. Auf einem mit  frischen Zweigen geschm\u00fcckten Leiterwagen fuhren die Musikanten gezogen von  2 stattlichen Ochsen durch den Steigerwald. Die Tour f\u00fchrte von Br\u00fcnnau  nach Bimbach, Oberschwarzach nach Handthal. Trotz der flotten  fr\u00e4nkischen Volksmusik, die die Schlapperflicker vom Wagen aus zum Besten  gaben, sind die beiden Ochsen unter der Aufsicht von Fritz Reuter ruhig und  gelassen geblieben. Die Schlapperflicker-Freunde, die wandernd die Tour  begleiteten, und die zahlreichen Menschen, auf die man unterwegs gesto\u00dfen  ist, haben sic \u00fcber den imposanten Anblick und die z\u00fcnftige Musik gefreut.<\/p>\n\n<p>Beim Schweinfurter Volksfestumzug am 13.06.2009 um 12.30 Uhr sind  die Schlapperflicker wieder mit dem Ochsengespann von Fritz Reuter  unterwegs.<\/p>\n","protected":false},"excerpt":{"rendered":"<p>Br\u00fcnnau \/ Geldersheim Die Volksmusikgruppe &#8222;Die Galderschummer Schlapperflicker&#8220; machte sich auch heuer wie letztes Jahr mit Fritz Reuter aus Br\u00fcnnau am Christihimmelfahrtstag auf zu einer Ochsentour. Auf einem mit frischen Zweigen geschm\u00fcckten Leiterwagen fuhren die Musikanten gezogen von 2 stattlichen Ochsen durch den Steigerwald. Die Tour f\u00fchrte von Br\u00fcnnau nach Bimbach, Oberschwarzach nach Handthal. Trotz &hellip; <a href=\"https:\/\/www.trachtenverband-unterfranken.de\/?p=419\" class=\"more-link\"><span class=\"screen-reader-text\">Ochsentour mit den Schlapperflicker<\/span> weiterlesen<\/a><\/p>\n","protected":false},"author":1,"featured_media":0,"comment_status":"open","ping_status":"open","sticky":false,"template":"","format":"standard","meta":{"footnotes":""},"categories":[1],"tags":[],"_links":{"self":[{"href":"https:\/\/www.trachtenverband-unterfranken.de\/index.php?rest_route=\/wp\/v2\/posts\/419"}],"collection":[{"href":"https:\/\/www.trachtenverband-unterfranken.de\/index.php?rest_route=\/wp\/v2\/posts"}],"about":[{"href":"https:\/\/www.trachtenverband-unterfranken.de\/index.php?rest_route=\/wp\/v2\/types\/post"}],"author":[{"embeddable":true,"href":"https:\/\/www.trachtenverband-unterfranken.de\/index.php?rest_route=\/wp\/v2\/users\/1"}],"replies":[{"embeddable":true,"href":"https:\/\/www.trachtenverband-unterfranken.de\/index.php?rest_route=%2Fwp%2Fv2%2Fcomments&post=419"}],"version-history":[{"count":0,"href":"https:\/\/www.trachtenverband-unterfranken.de\/index.php?rest_route=\/wp\/v2\/posts\/419\/revisions"}],"wp:attachment":[{"href":"https:\/\/www.trachtenverband-unterfranken.de\/index.php?rest_route=%2Fwp%2Fv2%2Fmedia&parent=419"}],"wp:term":[{"taxonomy":"category","embeddable":true,"href":"https:\/\/www.trachtenverband-unterfranken.de\/index.php?rest_route=%2Fwp%2Fv2%2Fcategories&post=419"},{"taxonomy":"post_tag","embeddable":true,"href":"https:\/\/www.trachtenverband-unterfranken.de\/index.php?rest_route=%2Fwp%2Fv2%2Ftags&post=419"}],"curies":[{"name":"wp","href":"https:\/\/api.w.org\/{rel}","templated":true}]}}