{"id":426,"date":"2009-06-07T09:36:32","date_gmt":"2009-06-07T08:36:32","guid":{"rendered":"http:\/\/trachtenverband-unterfranken.de\/wordpress\/?p=426"},"modified":"2009-06-07T09:36:32","modified_gmt":"2009-06-07T08:36:32","slug":"20-21062009-4-unterfrankische-heimatkulturtage-in-gochsheim","status":"publish","type":"post","link":"https:\/\/www.trachtenverband-unterfranken.de\/?p=426","title":{"rendered":"20.-21.06.2009 &#8211; 4. Unterfr\u00e4nkische Heimatkulturtage in Gochsheim"},"content":{"rendered":"<p>Liebe Trachtenfreunde,<\/p>\n<p>unsere 4. Unterfr\u00e4nkischen Kulturtage finden vom 20.-21.06.2009 in Gochsheim<br \/>\nstatt. Der Gochsumer Trachtenverein hat das Fest hervorragend vorbereitet<br \/>\nund es warten zahlreiche Attraktionen auf Euch. Ich m\u00f6chte an dieser Stelle<br \/>\nganz besonders den Trachtenmarkt hervorheben, der f\u00fcr jeden einzelnen<br \/>\nTrachtler eine ideale Gelegenheit ist, sich \u00fcber das aktuelle Angebot an<br \/>\nTrachtenstoffen und Zubeh\u00f6r zu informieren. Ein weiterer wichtiger<br \/>\nSchwer-Punkt wird der Tanz sein. Gerade in Gochsheim \u2013 einem Ort mit langer<br \/>\nPlantanztradition! Es wird daher am Samstagnachmittag und -abend und ebenso<br \/>\nam Sonntag Plantanz stattfinden. Dazwischen werden in den Nachmittagsstunden<br \/>\nTanzvorf\u00fchrungen sein. Und genau das m\u00f6chte ich Euch noch mal erkl\u00e4ren: In<br \/>\nden im Fr\u00fchjahr verschickten Anmeldeb\u00f6gen standen bestimmte T\u00e4nze zu<br \/>\nbestimmten Uhrzeiten. Es sollen in mehreren Kreisen (der Plan ist gro\u00df<br \/>\ngenug) die angegebenen Volkst\u00e4nze gezeigt werden. Also auch verschiedene<br \/>\nTanzformen auf die selbe Melodie gleichzeitig! Die Zuschauer, d\u00fcrfen\/sollen<br \/>\ndann im Anschluss die Figurent\u00e4nze mit uns zusammen nachtanzen. Nach einem<br \/>\nFigurentanzblock ist dann wieder normaler Plantanz. Da wir eh in<br \/>\nverschiedenen Kreisen tanzen, ist es auch m\u00f6glich, dass sich einzelne<br \/>\nT\u00e4nzer\/-innen (also auch wenn sich der Verein nicht zum Tanzen angemeldet<br \/>\nhat) beim 2. GauVort\u00e4nzer Florian Kre\u00df melden, er wird sie dann in die<br \/>\nGruppen mit integrieren. F\u00fcr den Samstagnachmittag fehlen noch<br \/>\nTanzwillige!!!! Bitte beim Florian melden (0175 581 540 8 oder<br \/>\nDei_Oma@gmx.de)<\/p>\n<p>Ich freue mich auf ein paar sch\u00f6ne Tage mit Euch in Gochsheim. Bitte<br \/>\nbeachtet auch das Schreiben des Trachtenvereins Gochsheim zum weiteren<br \/>\nAblauf<\/p>\n\n<p>Euer Ollie<\/p>\n<p><strong><\/strong><\/p>\n<p><strong><\/strong><\/p>\n<p><strong>Au\u00dferdem wird folgendes Programm geboten:<\/strong><\/p>\n<p>Fransen kn\u00fcpfen am Marktstand<br \/>\nRita Schmitt, Reservistenkeller<br \/>\n\u2022 Perlenarbeiten f\u00fcr \u201eSt\u00e4ucherle\u201c<br \/>\nGudrun D\u00f6rr am Stand Bezirk Unterfranken\/<br \/>\nReservistenkeller<br \/>\n\u2022 Fransen kn\u00fcpfen, Strohhut verzieren<br \/>\nUrsula Kullich am Stand Bezirk Unterfranken<br \/>\n\u2022 Deutsche Schrift erlernen und auffrischen<br \/>\nDipl. Grafik-Designer, Kalligraf Gosbert Stark<br \/>\nJugendhaus 1. Stock<br \/>\nSamstag und Sonntag 13:00 \u2013 17:00 Uhr<br \/>\n\u2022 Dialektvortrag im Museumskeller<br \/>\nDr. Monika Fritz-Scheuplein<br \/>\nSamstag und Sonntag jeweils um 15:00 Uhr<br \/>\n\u2022 Reichsdorfmuseum ge\u00f6ffnet<br \/>\n\u2022 Brotbacken im Holzofen<br \/>\n\u2022 Bilderausstellung im Rathausfoyer<br \/>\n\u2022 Ortsf\u00fchrungen mit dem Reichsschulthei\u00df<br \/>\nLeo J\u00e4ger, Treffpunkt:<br \/>\nBrunnen Zwiefltrater<\/p>\n<p><strong>Samstag:<\/strong><\/p>\n<p>13:00 Uhr Er\u00f6ffnung der 4. Unterfr\u00e4nkischen<br \/>\nHeimatkulturtage im Rathausinnenhof mit<br \/>\nSchirmherrn Bezirkstagspr\u00e4sident Erwin Dotzel<br \/>\nanschl. Musikalische Unterhaltung<br \/>\nmit dem Musikverein Gochsheim amPlan<br \/>\nab 14:00 Uhr Am Plan st\u00fcndliche Vorf\u00fchrungen<br \/>\nfr\u00e4nkischer Rundt\u00e4nze der anwesenden<br \/>\nVereine \u2013 G\u00e4ste haben die Gelegenheit<br \/>\ndiese T\u00e4nze zu erlernen \u2013 dazwischen<br \/>\n\u00f6ffentlicher Plantanz bis ca. 22:00 Uhr<br \/>\nab 13:00 Uhr Trachten- und Handwerkermarkt<br \/>\nmit Vorf\u00fchrungen im Kirchhof<br \/>\nab 13:00 Uhr Kurse und Vorf\u00fchrungen<br \/>\nwie im Programm ausgeschrieben<br \/>\nab 14:00 Uhr Oldtimer-Schlepper mit Vorf\u00fchrungen<br \/>\n14:00 Uhr + Ortsf\u00fchrungen<br \/>\n16:00 Uhr mit dem Reichsschulthei\u00df Leo J\u00e4ger<br \/>\nst\u00fcndlich Museumsf\u00fchrungen in den Gaden<br \/>\n14:00 Uhr Wirtshaussingen<br \/>\nbis 16:00 Uhr im Gasthaus Rose mit Peter Kluge<br \/>\n<strong><br \/>\nSonntag: <\/strong><br \/>\n09:30 Uhr Festgottesdienst in St. Michael<br \/>\n10:30 Uhr Wei\u00dfwurstfr\u00fchst\u00fcck<br \/>\nmit Blasmusik am Plan<br \/>\nab 14:00 Uhr Am Plan st\u00fcndliche Vorf\u00fchrungen<br \/>\nfr\u00e4nkischer Rundt\u00e4nze der anwesenden<br \/>\nVereine \u2013 G\u00e4ste haben die Gelegenheit<br \/>\ndiese T\u00e4nze zu erlernen \u2013 dazwischen<br \/>\n\u00f6ffentlicher Plantanz bis ca. 22:00 Uhr<br \/>\nab 13:00 Uhr Trachten- und Handwerkermarkt<br \/>\nmit Vorf\u00fchrungen im Kirchhof<br \/>\n14:30 Uhr Kindertheater in der Alten Schule<br \/>\nab 13:00 Uhr Kurse und Vorf\u00fchrungen<br \/>\nwie im Programm ausgeschrieben<br \/>\nab 14:00 Uhr Oldtimer-Schlepper mit Vorf\u00fchrungen<br \/>\n14:00 Uhr + Ortsf\u00fchrungen<br \/>\n16:00 Uhr mit dem Reichsschulthei\u00df Leo J\u00e4ger<br \/>\nst\u00fcndlich Museumsf\u00fchrungen in den Gaden<br \/>\n14:00 Uhr Wirtshaussingen<br \/>\nbis 16:00 Uhr im Gasthaus Rose mit Peter Kluge<\/p>\n<p>Oliver Brust<\/p>\n","protected":false},"excerpt":{"rendered":"<p>Liebe Trachtenfreunde,<\/p>\n<p>unsere 4. Unterfr\u00e4nkischen Kulturtage finden vom 20.-21.06.2009 in Gochsheim<br \/>\nstatt. Der Gochsumer Trachtenverein hat das Fest hervorragend vorbereitet<br \/>\nund es warten zahlreiche Attraktionen auf Euch. Ich m\u00f6chte an dieser Stelle<br \/>\nganz besonders den Trachtenmarkt hervorheben, der f\u00fcr jeden einzelnen<br \/>\nTrachtler eine ideale Gelegenheit ist, sich \u00fcber das aktuelle Angebot an<br \/>\nTrachtenstoffen und Zubeh\u00f6r zu informieren. Ein weiterer wichtiger<br \/>\nSchwer-Punkt wird der Tanz sein.<br \/>\n&#8230;<\/p>\n","protected":false},"author":1,"featured_media":0,"comment_status":"open","ping_status":"open","sticky":false,"template":"","format":"standard","meta":{"footnotes":""},"categories":[1,9],"tags":[],"_links":{"self":[{"href":"https:\/\/www.trachtenverband-unterfranken.de\/index.php?rest_route=\/wp\/v2\/posts\/426"}],"collection":[{"href":"https:\/\/www.trachtenverband-unterfranken.de\/index.php?rest_route=\/wp\/v2\/posts"}],"about":[{"href":"https:\/\/www.trachtenverband-unterfranken.de\/index.php?rest_route=\/wp\/v2\/types\/post"}],"author":[{"embeddable":true,"href":"https:\/\/www.trachtenverband-unterfranken.de\/index.php?rest_route=\/wp\/v2\/users\/1"}],"replies":[{"embeddable":true,"href":"https:\/\/www.trachtenverband-unterfranken.de\/index.php?rest_route=%2Fwp%2Fv2%2Fcomments&post=426"}],"version-history":[{"count":0,"href":"https:\/\/www.trachtenverband-unterfranken.de\/index.php?rest_route=\/wp\/v2\/posts\/426\/revisions"}],"wp:attachment":[{"href":"https:\/\/www.trachtenverband-unterfranken.de\/index.php?rest_route=%2Fwp%2Fv2%2Fmedia&parent=426"}],"wp:term":[{"taxonomy":"category","embeddable":true,"href":"https:\/\/www.trachtenverband-unterfranken.de\/index.php?rest_route=%2Fwp%2Fv2%2Fcategories&post=426"},{"taxonomy":"post_tag","embeddable":true,"href":"https:\/\/www.trachtenverband-unterfranken.de\/index.php?rest_route=%2Fwp%2Fv2%2Ftags&post=426"}],"curies":[{"name":"wp","href":"https:\/\/api.w.org\/{rel}","templated":true}]}}