{"id":435,"date":"2009-06-09T11:37:10","date_gmt":"2009-06-09T10:37:10","guid":{"rendered":"http:\/\/trachtenverband-unterfranken.de\/wordpress\/?p=435"},"modified":"2009-06-09T11:37:10","modified_gmt":"2009-06-09T10:37:10","slug":"isargaufest-in-ismaning-04-05072009","status":"publish","type":"post","link":"https:\/\/www.trachtenverband-unterfranken.de\/?p=435","title":{"rendered":"Isargaufest in Ismaning 04.-05.07.2009"},"content":{"rendered":"<p>Liebe Trachtenfreunde,<\/p>\n<p>nach dem gro\u00dfen Erfolg beim Trachtenfest in M\u00fcnchen 2008 wollen wir auch<br \/>\nheuer wieder unseren Patengau zum Gaufest besuchen. Der Manfred Sitzmann hat<br \/>\ndies in der Gauversammlung bereits angesprochen. Es sind nun noch 9 Pl\u00e4tze<br \/>\nfrei. Bitte bei Manfred Sitzmann melden, wer noch mit will.<br \/>\nmanfred.sitzmann@trachtenverband-unterfranken.de oder 09774 \/ 850 163.<\/p>\n<p>Hier zum Programm:<\/p>\n<p>Abfahrt  08.30 in Oberelsbach an der Omnibushalle und weiterer Zustieg in<br \/>\nGeldersheim um 09.15 Uhr am Feuerwehrhaus in der Schweinfurter Stra\u00dfe. Hier<br \/>\nkann man auch sein Auto parken.<\/p>\n<p>Ismaning 13.30 Uhr Mittagessen im Gasthof zur Post, das ist in der Ortsmitte<br \/>\nund hier ist auch die \u00dcbernachtung.<\/p>\n<p>Unmittelbar in der N\u00e4he von dem Hotel beginnt das Fest mit der Totenehrung<br \/>\nam Kriegerdenkmal. Danach Teilnahme am Festprogramm. (siehe:<br \/>\n<a href=\"https:\/\/freemailng1902.web.de\/jump.htm?goto=http%3A%2F%2Fwww.isargaufest2009.de%2FFestprogramm.pdf\" target=\"_blank\">http:\/\/www.isargaufest2009.de\/Festprogramm.pdf<\/a>) &#8211; nat\u00fcrlich in Tracht!<\/p>\n<p>F\u00fcr Fahrt, \u00dcbernachtung mit Fr\u00fchst\u00fcck (am Sonntag) und Mittagessen (am<br \/>\nSamstagmittag im Hotel) EUR 80,00 pro Person.<\/p>\n<p>R\u00fcckfahrt am Sonntag um 16.00 Uhr (voraussichtliche Ankunft in Geldersheim<br \/>\num 20.00 und in Oberelsbach um 20.45).<\/p>\n<p>Mit freundlichen Gr\u00fc\u00dfen<\/p>\n<p>Oli Brust und Manfred Sitzmann<\/p>\n","protected":false},"excerpt":{"rendered":"<p>Liebe Trachtenfreunde, nach dem gro\u00dfen Erfolg beim Trachtenfest in M\u00fcnchen 2008 wollen wir auch heuer wieder unseren Patengau zum Gaufest besuchen. Der Manfred Sitzmann hat dies in der Gauversammlung bereits angesprochen. Es sind nun noch 9 Pl\u00e4tze frei. Bitte bei Manfred Sitzmann melden, wer noch mit will. manfred.sitzmann@trachtenverband-unterfranken.de oder 09774 \/ 850 163. Hier zum &hellip; <a href=\"https:\/\/www.trachtenverband-unterfranken.de\/?p=435\" class=\"more-link\"><span class=\"screen-reader-text\">Isargaufest in Ismaning 04.-05.07.2009<\/span> weiterlesen<\/a><\/p>\n","protected":false},"author":1,"featured_media":0,"comment_status":"open","ping_status":"open","sticky":false,"template":"","format":"standard","meta":{"footnotes":""},"categories":[1],"tags":[],"_links":{"self":[{"href":"https:\/\/www.trachtenverband-unterfranken.de\/index.php?rest_route=\/wp\/v2\/posts\/435"}],"collection":[{"href":"https:\/\/www.trachtenverband-unterfranken.de\/index.php?rest_route=\/wp\/v2\/posts"}],"about":[{"href":"https:\/\/www.trachtenverband-unterfranken.de\/index.php?rest_route=\/wp\/v2\/types\/post"}],"author":[{"embeddable":true,"href":"https:\/\/www.trachtenverband-unterfranken.de\/index.php?rest_route=\/wp\/v2\/users\/1"}],"replies":[{"embeddable":true,"href":"https:\/\/www.trachtenverband-unterfranken.de\/index.php?rest_route=%2Fwp%2Fv2%2Fcomments&post=435"}],"version-history":[{"count":0,"href":"https:\/\/www.trachtenverband-unterfranken.de\/index.php?rest_route=\/wp\/v2\/posts\/435\/revisions"}],"wp:attachment":[{"href":"https:\/\/www.trachtenverband-unterfranken.de\/index.php?rest_route=%2Fwp%2Fv2%2Fmedia&parent=435"}],"wp:term":[{"taxonomy":"category","embeddable":true,"href":"https:\/\/www.trachtenverband-unterfranken.de\/index.php?rest_route=%2Fwp%2Fv2%2Fcategories&post=435"},{"taxonomy":"post_tag","embeddable":true,"href":"https:\/\/www.trachtenverband-unterfranken.de\/index.php?rest_route=%2Fwp%2Fv2%2Ftags&post=435"}],"curies":[{"name":"wp","href":"https:\/\/api.w.org\/{rel}","templated":true}]}}