{"id":4358,"date":"2015-11-04T17:22:11","date_gmt":"2015-11-04T16:22:11","guid":{"rendered":"http:\/\/www.trachtenverband-unterfranken.de\/?p=4358"},"modified":"2015-11-04T17:22:11","modified_gmt":"2015-11-04T16:22:11","slug":"nikolausaktion-2015","status":"publish","type":"post","link":"https:\/\/www.trachtenverband-unterfranken.de\/?p=4358","title":{"rendered":"Nikolausaktion 2015"},"content":{"rendered":"<p>Hallo liebe Trachtler,<\/p>\n<p>es k\u00f6nnen auch in diesem Jahr wieder die Nikol\u00e4use bei der Trachtenjugend Bayern bestellt werden. Gern \u00fcbernehme ich f\u00fcr den Trachtenverband Unterfranken die Bestellungen, damit wie einen besseren Preis erhalten k\u00f6nnen.<\/p>\n<p>Wenn Eure Bestellungen bei mir bis zum 15.11. eingegangen sein, k\u00f6nnen diese bis zum Nikolaustag am 06.12.2015 geliefert sein.<\/p>\n<p>Also wer Interesse hat bitte bis zum 15.11.2015 bei mir melden. Es kann nat\u00fcrlich auch jeder seine Bestellung bei der Gesch\u00e4ftsstelle selbst machen, kommt aber nicht in den Genuss von kleineren Preisen.<\/p>\n<p>Herzliche Gr\u00fc\u00dfe aus Sennfeld<\/p>\n<p>Inge<\/p>\n<p>Mit freundlichen Trachtengr\u00fc\u00dfen<br \/>\nInge Burkhard-Vatterodt<br \/>\nStellvertr. Gauvorstand und<br \/>\n1.GaujugendvertreterinE-Mail: Jugend1@tv-ufr.de<\/p>\n","protected":false},"excerpt":{"rendered":"<p>Hallo liebe Trachtler, es k\u00f6nnen auch in diesem Jahr wieder die Nikol\u00e4use bei der Trachtenjugend Bayern bestellt werden. Gern \u00fcbernehme ich f\u00fcr den Trachtenverband Unterfranken die Bestellungen, damit wie einen besseren Preis erhalten k\u00f6nnen. Wenn Eure Bestellungen bei mir bis zum 15.11. eingegangen sein, k\u00f6nnen diese bis zum Nikolaustag am 06.12.2015 geliefert sein. Also wer &hellip; <a href=\"https:\/\/www.trachtenverband-unterfranken.de\/?p=4358\" class=\"more-link\"><span class=\"screen-reader-text\">Nikolausaktion 2015<\/span> weiterlesen<\/a><\/p>\n","protected":false},"author":3,"featured_media":0,"comment_status":"closed","ping_status":"closed","sticky":false,"template":"","format":"standard","meta":{"footnotes":""},"categories":[1,9],"tags":[],"_links":{"self":[{"href":"https:\/\/www.trachtenverband-unterfranken.de\/index.php?rest_route=\/wp\/v2\/posts\/4358"}],"collection":[{"href":"https:\/\/www.trachtenverband-unterfranken.de\/index.php?rest_route=\/wp\/v2\/posts"}],"about":[{"href":"https:\/\/www.trachtenverband-unterfranken.de\/index.php?rest_route=\/wp\/v2\/types\/post"}],"author":[{"embeddable":true,"href":"https:\/\/www.trachtenverband-unterfranken.de\/index.php?rest_route=\/wp\/v2\/users\/3"}],"replies":[{"embeddable":true,"href":"https:\/\/www.trachtenverband-unterfranken.de\/index.php?rest_route=%2Fwp%2Fv2%2Fcomments&post=4358"}],"version-history":[{"count":1,"href":"https:\/\/www.trachtenverband-unterfranken.de\/index.php?rest_route=\/wp\/v2\/posts\/4358\/revisions"}],"predecessor-version":[{"id":4359,"href":"https:\/\/www.trachtenverband-unterfranken.de\/index.php?rest_route=\/wp\/v2\/posts\/4358\/revisions\/4359"}],"wp:attachment":[{"href":"https:\/\/www.trachtenverband-unterfranken.de\/index.php?rest_route=%2Fwp%2Fv2%2Fmedia&parent=4358"}],"wp:term":[{"taxonomy":"category","embeddable":true,"href":"https:\/\/www.trachtenverband-unterfranken.de\/index.php?rest_route=%2Fwp%2Fv2%2Fcategories&post=4358"},{"taxonomy":"post_tag","embeddable":true,"href":"https:\/\/www.trachtenverband-unterfranken.de\/index.php?rest_route=%2Fwp%2Fv2%2Ftags&post=4358"}],"curies":[{"name":"wp","href":"https:\/\/api.w.org\/{rel}","templated":true}]}}