{"id":4361,"date":"2015-11-15T23:31:09","date_gmt":"2015-11-15T22:31:09","guid":{"rendered":"http:\/\/www.trachtenverband-unterfranken.de\/?p=4361"},"modified":"2015-11-15T23:34:29","modified_gmt":"2015-11-15T22:34:29","slug":"galderschummer-kerwa-vom-20-23-11-2015","status":"publish","type":"post","link":"https:\/\/www.trachtenverband-unterfranken.de\/?p=4361","title":{"rendered":"Galderschummer Kerwa vom 20.-23.11.2015"},"content":{"rendered":"<p>Liebe Kirchweihfreunde,<\/p>\n<p>wir laden wieder herzlich zur Galderschummer Kerwa ein. In diesem Jahre haben sich sieben Fichtenpaare gefunden, die das Geldersheimer Kirchweihbrauchtum aufrechterhalten.<\/p>\n<p><a href=\"http:\/\/www.heimatverein-geldersheim.de\/wp-content\/uploads\/2015\/11\/12196149_921544181266156_3032214389696382793_n.jpg\"><img loading=\"lazy\" decoding=\"async\" class=\"size-medium wp-image-2118 aligncenter\" src=\"http:\/\/www.heimatverein-geldersheim.de\/wp-content\/uploads\/2015\/11\/12196149_921544181266156_3032214389696382793_n-510x400.jpg\" alt=\"12196149_921544181266156_3032214389696382793_n\" width=\"510\" height=\"400\" \/><\/a><\/p>\n<p>Gerne stellen wir Ihnen hier auch die Fichtenpaare 2015 vor:<\/p>\n<p>Geb Sebastian, Schaab Lena<\/p>\n<p>Joachim Titus, Kundm\u00fcller Marie<\/p>\n<p>Popp Philipp, Peterlik Hanna<\/p>\n<p>Heymanns Louis, Treutlein Nadine<\/p>\n<p>Sittler Christoph (Holzhausen), Treutlein Mona<\/p>\n<p>Zinnheimer Florian (Sennfeld), Hammer Julia<\/p>\n<p>Will Jonas (Schwebheim), Kundm\u00fcller Lena<\/p>\n<p>&nbsp;<\/p>\n<p>Unser Kirchweihprogramm:<\/p>\n<p>Freitag, 20.11.2015 ab 20.00 Uhr<\/p>\n<p>Fr\u00e4nkischer Kirchweihtanz im Fr\u00e4nk. Hof mit den \u201eK\u00f6rnier Rucksern\u201c. Kartenreservierung bei Oliver Brust, Tel. 09721 \/ 802423 oder olliebrust@t-online.de<\/p>\n<p>&nbsp;<\/p>\n<p>Samstag, 21.11.2015, ab 09.00\u00a0Uhr<\/p>\n<p>Kirchweihst\u00e4nderli und ab 14.00 Uhr Umzug der Fichtenpaare mit Fichtenaufstellen<\/p>\n<p>&nbsp;<\/p>\n<p>Sonntag, 22.11.2015<\/p>\n<p>14.00 Hammeltanz am Plua, anschl. Fr\u00e4nk. Tanz und Kaffeebar im Fr\u00e4nkischen Hof mit den Galderschummer Schlapperflickern<\/p>\n<p>19.30 Uhr Fackelumzug mit dem Musikverein Geldersheim vom Fr\u00e4nkischen Hof zum Hammelk\u00f6nig und zur\u00fcck, anschl. Kirchweihbetrieb im Fr\u00e4nk. Hof<\/p>\n<p>&nbsp;<\/p>\n<p>Montag, 23.11.2015<\/p>\n<p>14.00-18.00 Uhr Senioren-Kirchweih im Saal vom Fr\u00e4nkischen Hof, Volksliedersingen mit Peter Kluge, Mundartvortr\u00e4ge von Renate Zeisner und \u00a0Georg Huppmann und Auftritte der Fichtenpaare<\/p>\n<p>19.30 Uhr Romantischer Kirchweihtanz bei Kerzenschein mit den Galderschummer Schlapperflickern im Fr\u00e4nkischen Hof. Keine Kartenreservierung n\u00f6tig.<\/p>\n<p>&nbsp;<\/p>\n<p>Freitag, 27.11.2015, 20.00 Uhr<\/p>\n<p>Hammelessen zum Kirchweihabschluss im Sportheim<\/p>\n<p>&nbsp;<\/p>\n<p>&nbsp;<\/p>\n<p>&nbsp;<\/p>\n<h1 class=\"storytitle\">Unner Kerwa<\/h1>\n<div class=\"storycontent\">\n<p>Unsere Novemberkirchweih l\u00e4sst sich auf das Jahr 1764 zur\u00fcckf\u00fchren, in dem der W\u00fcrzburger F\u00fcrstbischof Adam Friedrich vorn Seinsheim alle Kirchweihen in seinem Herrschaftsgebiet auf das Wochenende nach Martini festgelegt hat. Geldersheim feierte zu seiner Martini-Hauptkirchweih eine Nachkirchweih. Aus dieser Nachkirchweih ist die heutige Dorfkirchweih entstanden.<\/p>\n<p>Seit 1989 veranstaltet der Verein f\u00fcr Heimat- u. Brauchtumspflege Geldersheim die traditionelle Kirchweih wie fr\u00fcher mit Fichtenburschen und Fichtenm\u00e4dchen, die gekleidet in der Geldersheimer Tracht\u00a0die Kirchweihveranstaltungen gestalten.<\/p>\n<p>&nbsp;<\/p>\n<h2>Ablauf<\/h2>\n<p align=\"justify\">Mit dem fr\u00e4nkischen Tanzabend am Freitag beginnt die Galderschummer Kerwa. Die Fichtenpaare er\u00f6ffnen mit einer Ehrentour und der Kirchweih-Red den Fr\u00e4nkischen Kerwatanz. Nach der Er\u00f6ffnung ist der Tanz frei f\u00fcr alle T\u00e4nzerinnen und T\u00e4nzer. Nach altem Brauch kassieren die Fichtenburschen von den T\u00e4nzern ein \u201cZehnerle\u201d als Tanzgeld (Eintritt jedoch pro Pers. 5,00 EUR). Die Musikanten spielen die fr\u00e4nkischen Rundt\u00e4nze Walzer, Rheinl\u00e4nder, Schottisch. Nat\u00fcrlich werden auch \u201cZ\u00fcpferli\u201d, also flotte Dreischrittdreher, gespielt. Figurent\u00e4nze wie Schlamperer, Stampfer (usw.) und die Weidenberger Francaise kommen auch nicht zu kurz. Die Fichtenburschen tragen an diesem Abend den Gehrock, Fliege und Zylinder aus der Zeit um die Jahrhundertwende. Die Fichtenm\u00e4dchen tragen die Geldersheimer Tanztracht aus der Zeit um 1920.<\/p>\n<p>Am Kirchweihsamstagvormittag holen die Fichtenburschen mit der Galderschummer Blasmusik die Fichtenm\u00e4dchen zu Hause ab. Vor dem Haus wird eine Ehrentour getanzt, anschlie\u00dfend gibt es einen kleinen Umtrunk, bevor man zum n\u00e4chsten Fichtenm\u00e4dchen weiterzieht.<\/p>\n<p>Ab 14.00 Uhr ziehen die Fichtenpaare mit der Musik durch das Dorf und stellen vor den Wirtsh\u00e4usern die Kirchweihfichten auf, die auf einem alten Leiterwagen von Pferden oder Ochsen gezogen, im Zug mitgef\u00fchrt werden. Vor jeder Wirtschaft sowie beim Pfarrer und beim\u00a0B\u00fcrgermeister und Vorstand des\u00a0Vereins wird eine Ehrentour getanzt. Am fr\u00fchen Abend kehren die Fichtenpaare, die an diesem Tag die warme Arbeitstracht tragen, in der Reiterklause ein.<\/p>\n<p>Der Kirchweihsonntag beginnt um 10.30 Uhr mit einem Gottesdienst, zu dem die Fichtenm\u00e4dchen die Geldersheimer Festtracht (mit K\u00f6rres und Kr\u00e4nzle) und die Fichtenburschen Gehrock und Zylinder tragen.<\/p>\n<p align=\"justify\">Um 14.00 Uhr findet im Oberdorf der traditionelle Hammeltanz statt. Die Fichtenpaare und die Tanzgruppe des Vereins f. Heimat- u. Brauchtumspflege tanzen um den Sch\u00e4fer und den Kirchweihhammel herum, wobei ein mit Blumen geschm\u00fcckter Buschen herumgereicht wird. Der Tanz dauert so lange, bis ein zuvor gestellter Wecker klingelt. Dasjenige Paar, das beim Klingeln den Buschen in der Hand h\u00e4lt, ist der Gewinner des Hammels und wird gro\u00df gefeiert.<\/p>\n<p align=\"justify\">Im Anschluss an den Hammeltanz ziehen die T\u00e4nzerinnen und T\u00e4nzer in den Tanzsaal des Fr\u00e4nkischen Hofs, wo der fr\u00e4nkische Kirchweihtanz fortgesetzt wird. Am Abend findet ein Fackelumzug zum neuen Hammelk\u00f6nigspaar statt.<\/p>\n<p align=\"justify\">Am Kirchweihmontag findet am Nachmittag die Seniorenkirchweih statt und\u00a0mit dem romantischen Kirchweihtanz am Montagabend bei Kerzenschein einen sch\u00f6nen Ausklang.<\/p>\n<\/div>\n","protected":false},"excerpt":{"rendered":"<p>Liebe Kirchweihfreunde, wir laden wieder herzlich zur Galderschummer Kerwa ein. In diesem Jahre haben sich sieben Fichtenpaare gefunden, die das Geldersheimer Kirchweihbrauchtum aufrechterhalten. Gerne stellen wir Ihnen hier auch die Fichtenpaare 2015 vor: Geb Sebastian, Schaab Lena Joachim Titus, Kundm\u00fcller Marie Popp Philipp, Peterlik Hanna Heymanns Louis, Treutlein Nadine Sittler Christoph (Holzhausen), Treutlein Mona Zinnheimer &hellip; <a href=\"https:\/\/www.trachtenverband-unterfranken.de\/?p=4361\" class=\"more-link\"><span class=\"screen-reader-text\">Galderschummer Kerwa vom 20.-23.11.2015<\/span> weiterlesen<\/a><\/p>\n","protected":false},"author":2,"featured_media":0,"comment_status":"closed","ping_status":"closed","sticky":false,"template":"","format":"standard","meta":{"footnotes":""},"categories":[1],"tags":[],"_links":{"self":[{"href":"https:\/\/www.trachtenverband-unterfranken.de\/index.php?rest_route=\/wp\/v2\/posts\/4361"}],"collection":[{"href":"https:\/\/www.trachtenverband-unterfranken.de\/index.php?rest_route=\/wp\/v2\/posts"}],"about":[{"href":"https:\/\/www.trachtenverband-unterfranken.de\/index.php?rest_route=\/wp\/v2\/types\/post"}],"author":[{"embeddable":true,"href":"https:\/\/www.trachtenverband-unterfranken.de\/index.php?rest_route=\/wp\/v2\/users\/2"}],"replies":[{"embeddable":true,"href":"https:\/\/www.trachtenverband-unterfranken.de\/index.php?rest_route=%2Fwp%2Fv2%2Fcomments&post=4361"}],"version-history":[{"count":3,"href":"https:\/\/www.trachtenverband-unterfranken.de\/index.php?rest_route=\/wp\/v2\/posts\/4361\/revisions"}],"predecessor-version":[{"id":4366,"href":"https:\/\/www.trachtenverband-unterfranken.de\/index.php?rest_route=\/wp\/v2\/posts\/4361\/revisions\/4366"}],"wp:attachment":[{"href":"https:\/\/www.trachtenverband-unterfranken.de\/index.php?rest_route=%2Fwp%2Fv2%2Fmedia&parent=4361"}],"wp:term":[{"taxonomy":"category","embeddable":true,"href":"https:\/\/www.trachtenverband-unterfranken.de\/index.php?rest_route=%2Fwp%2Fv2%2Fcategories&post=4361"},{"taxonomy":"post_tag","embeddable":true,"href":"https:\/\/www.trachtenverband-unterfranken.de\/index.php?rest_route=%2Fwp%2Fv2%2Ftags&post=4361"}],"curies":[{"name":"wp","href":"https:\/\/api.w.org\/{rel}","templated":true}]}}