{"id":4368,"date":"2015-11-30T16:24:38","date_gmt":"2015-11-30T15:24:38","guid":{"rendered":"http:\/\/www.trachtenverband-unterfranken.de\/?p=4368"},"modified":"2015-11-30T16:24:38","modified_gmt":"2015-11-30T15:24:38","slug":"fraenkischer-advent-und-fraenkische-weihnacht-giebelstadt-3-12","status":"publish","type":"post","link":"https:\/\/www.trachtenverband-unterfranken.de\/?p=4368","title":{"rendered":"Fr\u00e4nkischer Advent und Fr\u00e4nkische Weihnacht Giebelstadt 3.12."},"content":{"rendered":"<p>Zusammen mit Heimat- und Trachtenverein Markt Giebelstadt und Ortsteile laden die beiden Evang.-Luth. Kirchengemeinden Giebelstadt und Herchsheim zu folgenden Veranstaltungen zu Advent und Weihnachten ein:<\/p>\n<p><strong>In Giebelstadt am Donnerstag, den 03. Dez. um 20.00 Uhr ist in der Kirche St. Oswald<\/strong> der bekannte Mundartautor Wilhelm Wolpert aus Ha\u00dffurt mit seinem Programm \u201eHeuer schenk mer uns \u00e4mal nix aber fr\u00f6hlich derf mer sei und \u00e4 bissla lach derf mer aa vor Weihnachtn.\u201c zu Gast. Der Eintritt betr\u00e4gt 8,00 EURO (erm\u00e4\u00dfigt 6,00 \u20ac) an der Abendkasse, Vorbestellungen sind ab sofort im Pfarramt m\u00f6glich.<\/p>\n<p>In Herchsheim findet zum zweiten Mal die Auff\u00fchrung der Fr\u00e4nkischen Weihnacht nach Hans Mehl mit den Bad Windsheimer S\u00e4ngern und Spielleut\u2018 am Samstag, den 12. Dez. um 20.00 Uhr in der Kirche St. Georg statt. Der Mundartdichter Hermann Hehn aus B\u00fctthard wird zu Beginn des Abends einige seiner Werke pr\u00e4sentieren. Eintritt wird nicht erhoben, um Spenden wird gebeten.<\/p>\n<p>****************************************************************<\/p>\n<p>Absender:<\/p>\n<p>Evang.-Luth. Pfarramt Herchsheim<br \/>\nSitz: Giebelstadt<br \/>\nund<br \/>\nHeimat- und Trachtenverein Markt Giebelstadt und Ortsteile<br \/>\nPfarrer (sem.) Thomas Kohl<br \/>\nObere Kirchgasse 4, 97232 Giebelstadt<br \/>\nTel. 0 93 34 \/ 99 39 33<br \/>\nFax. 0 93 34 \/ 99 39 40<br \/>\ne-mail: pfarramt.giebelstadt@elkb.de<\/p>\n","protected":false},"excerpt":{"rendered":"<p>Zusammen mit Heimat- und Trachtenverein Markt Giebelstadt und Ortsteile laden die beiden Evang.-Luth. Kirchengemeinden Giebelstadt und Herchsheim zu folgenden Veranstaltungen zu Advent und Weihnachten ein: In Giebelstadt am Donnerstag, den 03. Dez. um 20.00 Uhr ist in der Kirche St. Oswald der bekannte Mundartautor Wilhelm Wolpert aus Ha\u00dffurt mit seinem Programm \u201eHeuer schenk mer uns &hellip; <a href=\"https:\/\/www.trachtenverband-unterfranken.de\/?p=4368\" class=\"more-link\"><span class=\"screen-reader-text\">Fr\u00e4nkischer Advent und Fr\u00e4nkische Weihnacht Giebelstadt 3.12.<\/span> weiterlesen<\/a><\/p>\n","protected":false},"author":3,"featured_media":0,"comment_status":"closed","ping_status":"closed","sticky":false,"template":"","format":"standard","meta":{"footnotes":""},"categories":[1,9],"tags":[],"_links":{"self":[{"href":"https:\/\/www.trachtenverband-unterfranken.de\/index.php?rest_route=\/wp\/v2\/posts\/4368"}],"collection":[{"href":"https:\/\/www.trachtenverband-unterfranken.de\/index.php?rest_route=\/wp\/v2\/posts"}],"about":[{"href":"https:\/\/www.trachtenverband-unterfranken.de\/index.php?rest_route=\/wp\/v2\/types\/post"}],"author":[{"embeddable":true,"href":"https:\/\/www.trachtenverband-unterfranken.de\/index.php?rest_route=\/wp\/v2\/users\/3"}],"replies":[{"embeddable":true,"href":"https:\/\/www.trachtenverband-unterfranken.de\/index.php?rest_route=%2Fwp%2Fv2%2Fcomments&post=4368"}],"version-history":[{"count":1,"href":"https:\/\/www.trachtenverband-unterfranken.de\/index.php?rest_route=\/wp\/v2\/posts\/4368\/revisions"}],"predecessor-version":[{"id":4369,"href":"https:\/\/www.trachtenverband-unterfranken.de\/index.php?rest_route=\/wp\/v2\/posts\/4368\/revisions\/4369"}],"wp:attachment":[{"href":"https:\/\/www.trachtenverband-unterfranken.de\/index.php?rest_route=%2Fwp%2Fv2%2Fmedia&parent=4368"}],"wp:term":[{"taxonomy":"category","embeddable":true,"href":"https:\/\/www.trachtenverband-unterfranken.de\/index.php?rest_route=%2Fwp%2Fv2%2Fcategories&post=4368"},{"taxonomy":"post_tag","embeddable":true,"href":"https:\/\/www.trachtenverband-unterfranken.de\/index.php?rest_route=%2Fwp%2Fv2%2Ftags&post=4368"}],"curies":[{"name":"wp","href":"https:\/\/api.w.org\/{rel}","templated":true}]}}