{"id":4371,"date":"2015-12-09T17:04:26","date_gmt":"2015-12-09T16:04:26","guid":{"rendered":"http:\/\/www.trachtenverband-unterfranken.de\/?p=4371"},"modified":"2015-12-09T17:05:11","modified_gmt":"2015-12-09T16:05:11","slug":"glueckwunsch-zur-hochzeit","status":"publish","type":"post","link":"https:\/\/www.trachtenverband-unterfranken.de\/?p=4371","title":{"rendered":"Gl\u00fcckwunsch zur Hochzeit"},"content":{"rendered":"<p><span style=\"font-size: large;\"><a style=\"font-size: large;\" href=\"https:\/\/www.trachtenverband-unterfranken.de\/wp-content\/uploads\/2015\/12\/DSC_1019.jpg\"><img loading=\"lazy\" decoding=\"async\" class=\"alignright wp-image-4372 size-medium\" src=\"https:\/\/www.trachtenverband-unterfranken.de\/wp-content\/uploads\/2015\/12\/DSC_1019-200x300.jpg\" alt=\"DSC_1019\" width=\"200\" height=\"300\" srcset=\"https:\/\/www.trachtenverband-unterfranken.de\/wp-content\/uploads\/2015\/12\/DSC_1019-200x300.jpg 200w, https:\/\/www.trachtenverband-unterfranken.de\/wp-content\/uploads\/2015\/12\/DSC_1019.jpg 333w\" sizes=\"(max-width: 200px) 100vw, 200px\" \/><\/a><\/span>Am 12. September 2015 gaben sich unser Mitglied Johanna Marouschek geb. Wolf und ihr Robert in der Evangelischen Dreieinigkeitskirche in Burgsinn das Eheversprechen. Getraut wurden sie von unserem Mitglied und Pfarrer Thomas Kohl. Nach dem Traugottesdienst standen die Mitglieder der Volkstanz- und Trachtengruppe Burgsinn Spalier und erfreuten die G\u00e4ste mit einigen Ehrent\u00e4nzen. Wir w\u00fcnschen dem Brautpaar f\u00fcr die gemeinsame Zukunft alles erdenklich Gute.<\/p>\n<p>Volkstanz- und Trachtengruppe Burgsinn e.V.<\/p>\n<p>Vorsitzender Erich Wolf, Kreuzstra\u00dfe 5 a, 97775 Burgsinn<\/p>\n","protected":false},"excerpt":{"rendered":"<p>Am 12. September 2015 gaben sich unser Mitglied Johanna Marouschek geb. Wolf und ihr Robert in der Evangelischen Dreieinigkeitskirche in Burgsinn das Eheversprechen. Getraut wurden sie von unserem Mitglied und Pfarrer Thomas Kohl. Nach dem Traugottesdienst standen die Mitglieder der Volkstanz- und Trachtengruppe Burgsinn Spalier und erfreuten die G\u00e4ste mit einigen Ehrent\u00e4nzen. Wir w\u00fcnschen dem &hellip; <a href=\"https:\/\/www.trachtenverband-unterfranken.de\/?p=4371\" class=\"more-link\"><span class=\"screen-reader-text\">Gl\u00fcckwunsch zur Hochzeit<\/span> weiterlesen<\/a><\/p>\n","protected":false},"author":3,"featured_media":0,"comment_status":"closed","ping_status":"closed","sticky":false,"template":"","format":"standard","meta":{"footnotes":""},"categories":[1,9],"tags":[],"_links":{"self":[{"href":"https:\/\/www.trachtenverband-unterfranken.de\/index.php?rest_route=\/wp\/v2\/posts\/4371"}],"collection":[{"href":"https:\/\/www.trachtenverband-unterfranken.de\/index.php?rest_route=\/wp\/v2\/posts"}],"about":[{"href":"https:\/\/www.trachtenverband-unterfranken.de\/index.php?rest_route=\/wp\/v2\/types\/post"}],"author":[{"embeddable":true,"href":"https:\/\/www.trachtenverband-unterfranken.de\/index.php?rest_route=\/wp\/v2\/users\/3"}],"replies":[{"embeddable":true,"href":"https:\/\/www.trachtenverband-unterfranken.de\/index.php?rest_route=%2Fwp%2Fv2%2Fcomments&post=4371"}],"version-history":[{"count":2,"href":"https:\/\/www.trachtenverband-unterfranken.de\/index.php?rest_route=\/wp\/v2\/posts\/4371\/revisions"}],"predecessor-version":[{"id":4374,"href":"https:\/\/www.trachtenverband-unterfranken.de\/index.php?rest_route=\/wp\/v2\/posts\/4371\/revisions\/4374"}],"wp:attachment":[{"href":"https:\/\/www.trachtenverband-unterfranken.de\/index.php?rest_route=%2Fwp%2Fv2%2Fmedia&parent=4371"}],"wp:term":[{"taxonomy":"category","embeddable":true,"href":"https:\/\/www.trachtenverband-unterfranken.de\/index.php?rest_route=%2Fwp%2Fv2%2Fcategories&post=4371"},{"taxonomy":"post_tag","embeddable":true,"href":"https:\/\/www.trachtenverband-unterfranken.de\/index.php?rest_route=%2Fwp%2Fv2%2Ftags&post=4371"}],"curies":[{"name":"wp","href":"https:\/\/api.w.org\/{rel}","templated":true}]}}