{"id":4431,"date":"2016-03-03T17:55:44","date_gmt":"2016-03-03T16:55:44","guid":{"rendered":"http:\/\/www.trachtenverband-unterfranken.de\/?p=4431"},"modified":"2016-03-03T17:57:01","modified_gmt":"2016-03-03T16:57:01","slug":"einladung-zur-38-fraenk-volksmusikwoche-in-pappenheim-und-zum-tanztag-am-4-6-2016-in-eibelstadt","status":"publish","type":"post","link":"https:\/\/www.trachtenverband-unterfranken.de\/?p=4431","title":{"rendered":"Einladung zur 38. Fr\u00e4nk. Volksmusikwoche in Pappenheim und zum Tanztag am 4.6.2016 in Eibelstadt"},"content":{"rendered":"<p>Liebe Freundinnen und Freunde traditioneller Musik,<\/p>\n<p>w\u00e4re es nicht einmal wieder an der Zeit, f\u00fcr eine gewisse Zeit aus dem Trott des Alltags auszubrechen?<\/p>\n<p>Zum Beispiel, um sich mal eine Weile komplett dem so wichtigen, musischen Teil des Lebens zu widmen?<\/p>\n<p>Wir bieten hierzu zwei besondere Gelegenheiten:<\/p>\n<p><strong>&#8211; 38. Fr\u00e4nkische Volksmusikwoche in Pappenheim \u2013 \u201e\u2026selber singen, musizieren, tanzen\u201c<\/strong><\/p>\n<p>(Ltg.: Franz Josef Schramm)<\/p>\n<p><strong>So., 22. Mai \u2013 Fr., 27. Mai 2016 (= 2. Woche der Pfingstferien)<\/strong><\/p>\n<p>Falls Interesse an einer Teilnahme besteht, bitte rechtzeitig anmelden: Anmeldeschluss ist der 28. April 2016.<\/p>\n<p>&#8211; 7. Fr\u00e4nkischer Tanztag \u201eAllerweil tanzen&#8220; in Eibelstadt am 4. Juni 2016<\/p>\n<p>(Tanzleitung.: Franz Josef Schramm und Steffi Zachmeier)<\/p>\n<p>Eine Anmeldung ist ebenfalls erforderlich.<\/p>\n<p>Im Anhang finden Sie\/findest Du die Ausschreibungen f\u00fcr diese beiden besonderen Veranstaltungen. F\u00fcr Fragen und weitergehende Informationen stehe ich auch gerne telefonisch zur Verf\u00fcgung.<\/p>\n<p>Mit musikalischen \u00a0Gr\u00fc\u00dfen<\/p>\n<p>Franz Josef Schramm<\/p>\n<p>&nbsp;<\/p>\n<p><a href=\"https:\/\/www.trachtenverband-unterfranken.de\/wp-content\/uploads\/2016\/03\/P16_Einladung_web.pdf\" rel=\"\">Einladung<\/a><\/p>\n<p><a href=\"https:\/\/www.trachtenverband-unterfranken.de\/wp-content\/uploads\/2016\/03\/Einl_Tanztag_2016_web.pdf\" rel=\"\">Einladung_Tanztag_2016_<\/a><\/p>\n","protected":false},"excerpt":{"rendered":"<p>Liebe Freundinnen und Freunde traditioneller Musik, w\u00e4re es nicht einmal wieder an der Zeit, f\u00fcr eine gewisse Zeit aus dem Trott des Alltags auszubrechen? Zum Beispiel, um sich mal eine Weile komplett dem so wichtigen, musischen Teil des Lebens zu widmen? Wir bieten hierzu zwei besondere Gelegenheiten: &#8211; 38. Fr\u00e4nkische Volksmusikwoche in Pappenheim \u2013 \u201e\u2026selber &hellip; <a href=\"https:\/\/www.trachtenverband-unterfranken.de\/?p=4431\" class=\"more-link\"><span class=\"screen-reader-text\">Einladung zur 38. Fr\u00e4nk. Volksmusikwoche in Pappenheim und zum Tanztag am 4.6.2016 in Eibelstadt<\/span> weiterlesen<\/a><\/p>\n","protected":false},"author":3,"featured_media":0,"comment_status":"closed","ping_status":"closed","sticky":false,"template":"","format":"standard","meta":{"footnotes":""},"categories":[1,7,11,12],"tags":[],"_links":{"self":[{"href":"https:\/\/www.trachtenverband-unterfranken.de\/index.php?rest_route=\/wp\/v2\/posts\/4431"}],"collection":[{"href":"https:\/\/www.trachtenverband-unterfranken.de\/index.php?rest_route=\/wp\/v2\/posts"}],"about":[{"href":"https:\/\/www.trachtenverband-unterfranken.de\/index.php?rest_route=\/wp\/v2\/types\/post"}],"author":[{"embeddable":true,"href":"https:\/\/www.trachtenverband-unterfranken.de\/index.php?rest_route=\/wp\/v2\/users\/3"}],"replies":[{"embeddable":true,"href":"https:\/\/www.trachtenverband-unterfranken.de\/index.php?rest_route=%2Fwp%2Fv2%2Fcomments&post=4431"}],"version-history":[{"count":2,"href":"https:\/\/www.trachtenverband-unterfranken.de\/index.php?rest_route=\/wp\/v2\/posts\/4431\/revisions"}],"predecessor-version":[{"id":4436,"href":"https:\/\/www.trachtenverband-unterfranken.de\/index.php?rest_route=\/wp\/v2\/posts\/4431\/revisions\/4436"}],"wp:attachment":[{"href":"https:\/\/www.trachtenverband-unterfranken.de\/index.php?rest_route=%2Fwp%2Fv2%2Fmedia&parent=4431"}],"wp:term":[{"taxonomy":"category","embeddable":true,"href":"https:\/\/www.trachtenverband-unterfranken.de\/index.php?rest_route=%2Fwp%2Fv2%2Fcategories&post=4431"},{"taxonomy":"post_tag","embeddable":true,"href":"https:\/\/www.trachtenverband-unterfranken.de\/index.php?rest_route=%2Fwp%2Fv2%2Ftags&post=4431"}],"curies":[{"name":"wp","href":"https:\/\/api.w.org\/{rel}","templated":true}]}}