{"id":4452,"date":"2016-03-16T18:19:56","date_gmt":"2016-03-16T17:19:56","guid":{"rendered":"http:\/\/www.trachtenverband-unterfranken.de\/?p=4452"},"modified":"2016-03-16T18:19:56","modified_gmt":"2016-03-16T17:19:56","slug":"ostertanz-in-grafenrheinfeld-2","status":"publish","type":"post","link":"https:\/\/www.trachtenverband-unterfranken.de\/?p=4452","title":{"rendered":"Ostertanz in Grafenrheinfeld"},"content":{"rendered":"<p>Gr\u00fc\u00df Gott, liebe Freunde des Fr\u00e4nkischen Volkstanzes,<\/p>\n<p>sehr herzlich laden wir wieder zum traditionellen<\/p>\n<p>Fr\u00e4nkischen Tanzfest zum Fr\u00fchlingserwachen<\/p>\n<p><strong>am Osterstonntag, den 28. M\u00e4rz, um 19.00 Uhr, in den Saal der &#8222;Alten Amtsvogtei&#8220;, Kirchplatz 4 nach 97506 Grafenrheinfeld ein.<\/strong><\/p>\n<p>Es spielt die &#8222;Rafelder Brotzeitmusik&#8220; zum Tanz auf!<br \/>\nUnter der Tanzleitung von Elisabeth und Josef Eusemann wird auch die &#8222;Weidenberger Francaise&#8220; getanzt!<\/p>\n<p>Wir freuen uns auf Euer KOmmen!<\/p>\n<p>Eintritt 7,&#8211;\u20ac<\/p>\n<p>Reserviert bitte bei Interesse rechtzeitig Eure Karten im Vorverkauf<\/p>\n<p>Gemeindebiliothek Tel.: 09723\/9133-45<br \/>\nWeth Fridolin Tel.: 09723\/2840<\/p>\n<p>Danke!<\/p>\n<p>In freundschaftlicher Verbundenheit<\/p>\n<p>Rafelder Brotzeitmusik<\/p>\n<p>i.V.<\/p>\n<p>Andr\u00e9 D\u00f6pfert<\/p>\n","protected":false},"excerpt":{"rendered":"<p>Gr\u00fc\u00df Gott, liebe Freunde des Fr\u00e4nkischen Volkstanzes, sehr herzlich laden wir wieder zum traditionellen Fr\u00e4nkischen Tanzfest zum Fr\u00fchlingserwachen am Osterstonntag, den 28. M\u00e4rz, um 19.00 Uhr, in den Saal der &#8222;Alten Amtsvogtei&#8220;, Kirchplatz 4 nach 97506 Grafenrheinfeld ein. Es spielt die &#8222;Rafelder Brotzeitmusik&#8220; zum Tanz auf! Unter der Tanzleitung von Elisabeth und Josef Eusemann wird &hellip; <a href=\"https:\/\/www.trachtenverband-unterfranken.de\/?p=4452\" class=\"more-link\"><span class=\"screen-reader-text\">Ostertanz in Grafenrheinfeld<\/span> weiterlesen<\/a><\/p>\n","protected":false},"author":3,"featured_media":0,"comment_status":"closed","ping_status":"closed","sticky":false,"template":"","format":"standard","meta":{"footnotes":""},"categories":[1,9],"tags":[],"_links":{"self":[{"href":"https:\/\/www.trachtenverband-unterfranken.de\/index.php?rest_route=\/wp\/v2\/posts\/4452"}],"collection":[{"href":"https:\/\/www.trachtenverband-unterfranken.de\/index.php?rest_route=\/wp\/v2\/posts"}],"about":[{"href":"https:\/\/www.trachtenverband-unterfranken.de\/index.php?rest_route=\/wp\/v2\/types\/post"}],"author":[{"embeddable":true,"href":"https:\/\/www.trachtenverband-unterfranken.de\/index.php?rest_route=\/wp\/v2\/users\/3"}],"replies":[{"embeddable":true,"href":"https:\/\/www.trachtenverband-unterfranken.de\/index.php?rest_route=%2Fwp%2Fv2%2Fcomments&post=4452"}],"version-history":[{"count":1,"href":"https:\/\/www.trachtenverband-unterfranken.de\/index.php?rest_route=\/wp\/v2\/posts\/4452\/revisions"}],"predecessor-version":[{"id":4454,"href":"https:\/\/www.trachtenverband-unterfranken.de\/index.php?rest_route=\/wp\/v2\/posts\/4452\/revisions\/4454"}],"wp:attachment":[{"href":"https:\/\/www.trachtenverband-unterfranken.de\/index.php?rest_route=%2Fwp%2Fv2%2Fmedia&parent=4452"}],"wp:term":[{"taxonomy":"category","embeddable":true,"href":"https:\/\/www.trachtenverband-unterfranken.de\/index.php?rest_route=%2Fwp%2Fv2%2Fcategories&post=4452"},{"taxonomy":"post_tag","embeddable":true,"href":"https:\/\/www.trachtenverband-unterfranken.de\/index.php?rest_route=%2Fwp%2Fv2%2Ftags&post=4452"}],"curies":[{"name":"wp","href":"https:\/\/api.w.org\/{rel}","templated":true}]}}