{"id":4459,"date":"2016-04-04T18:17:10","date_gmt":"2016-04-04T16:17:10","guid":{"rendered":"http:\/\/www.trachtenverband-unterfranken.de\/?p=4459"},"modified":"2022-08-21T19:50:10","modified_gmt":"2022-08-21T17:50:10","slug":"4459","status":"publish","type":"post","link":"https:\/\/www.trachtenverband-unterfranken.de\/?p=4459","title":{"rendered":"&#8222;Holzh\u00e4user&#8220; f\u00fcr alle"},"content":{"rendered":"<p>Liebe Trachtenfreunde,<\/p>\n<p>im Mai 2015 wurde das Trachtenkulturzentrum in Holzhausen offiziell<br \/>\neingeweiht. Zu diesem Anlass haben wir auf Wunsch von Landesvorstand Max Bertl einen Volkstanz zusammengestellt und ihn \u201eHolzh\u00e4user\u201c genannt. Wir freuen uns, wenn dieser Volkstanz in ganz Bayern bei zahlreichen Veranstaltungen Anklang findet und senden Euch Noten, Mp3 und eine Tanzbeschreibung. Bei R\u00fcckfragen stehen Euch unsere Gauvort\u00e4nzer Florian Kre\u00df und Bianca Sch\u00f6nig gerne zur Verf\u00fcgung (<a href=\"https:\/\/www.trachtenverband-unterfranken.de\/?page_id=659\">Kontaktdaten findet Ihr hier unter Vorstandschaft)<\/a>.<\/p>\n<p>Herzlich danken wollen wir auch unserm Ehrenmitglied und 2. Gaukassier Erich Wolf f\u00fcr die Zusammenstellung des Tanzes.<\/p>\n<!--[if lt IE 9]><script>document.createElement('audio');<\/script><![endif]-->\n<audio class=\"wp-audio-shortcode\" id=\"audio-4459-1\" preload=\"none\" style=\"width: 100%;\" controls=\"controls\"><source type=\"audio\/mpeg\" src=\"https:\/\/www.trachtenverband-unterfranken.de\/wp-content\/uploads\/2016\/04\/Holzhaeuser.mp3?_=1\" \/><a href=\"https:\/\/www.trachtenverband-unterfranken.de\/wp-content\/uploads\/2016\/04\/Holzhaeuser.mp3\">https:\/\/www.trachtenverband-unterfranken.de\/wp-content\/uploads\/2016\/04\/Holzhaeuser.mp3<\/a><\/audio>\n<p>Dateien herunterladen:<\/p>\n<p><a href=\"https:\/\/www.trachtenverband-unterfranken.de\/wp-content\/uploads\/2016\/04\/Holzh\u00e4user-Noten.pdf\" rel=\"\">Holzh\u00e4user Noten.pdf<\/a><\/p>\n<p><a href=\"https:\/\/www.trachtenverband-unterfranken.de\/wp-content\/uploads\/2016\/04\/Holzh\u00e4user-Tanzbeschreibung.doc\" rel=\"\">Holzh\u00e4user Tanzbeschreibung.doc<\/a><\/p>\n<p><a href=\"https:\/\/www.trachtenverband-unterfranken.de\/wp-content\/uploads\/2016\/04\/Holzhaeuser.mp3\">Holzh\u00e4user.mp3<\/a><\/p>\n<p><a href=\"https:\/\/www.trachtenverband-unterfranken.de\/wp-content\/uploads\/2016\/04\/Mein-Film.mp4\">Video<\/a><\/p>\n<div style=\"width: 660px;\" class=\"wp-video\"><!--[if lt IE 9]><script>document.createElement('video');<\/script><![endif]-->\n<video class=\"wp-video-shortcode\" id=\"video-4459-1\" width=\"660\" height=\"371\" preload=\"metadata\" controls=\"controls\"><source type=\"video\/mp4\" src=\"https:\/\/www.trachtenverband-unterfranken.de\/wp-content\/uploads\/2016\/04\/Mein-Film.mp4?_=1\" \/><a href=\"https:\/\/www.trachtenverband-unterfranken.de\/wp-content\/uploads\/2016\/04\/Mein-Film.mp4\">https:\/\/www.trachtenverband-unterfranken.de\/wp-content\/uploads\/2016\/04\/Mein-Film.mp4<\/a><\/video><\/div>\n","protected":false},"excerpt":{"rendered":"<p>Liebe Trachtenfreunde, im Mai 2015 wurde das Trachtenkulturzentrum in Holzhausen offiziell eingeweiht. Zu diesem Anlass haben wir auf Wunsch von Landesvorstand Max Bertl einen Volkstanz zusammengestellt und ihn \u201eHolzh\u00e4user\u201c genannt. Wir freuen uns, wenn dieser Volkstanz in ganz Bayern bei zahlreichen Veranstaltungen Anklang findet und senden Euch Noten, Mp3 und eine Tanzbeschreibung. Bei R\u00fcckfragen stehen &hellip; <a href=\"https:\/\/www.trachtenverband-unterfranken.de\/?p=4459\" class=\"more-link\"><span class=\"screen-reader-text\">&#8222;Holzh\u00e4user&#8220; f\u00fcr alle<\/span> weiterlesen<\/a><\/p>\n","protected":false},"author":3,"featured_media":0,"comment_status":"closed","ping_status":"closed","sticky":false,"template":"","format":"standard","meta":{"footnotes":""},"categories":[1,9,14,28,11,12],"tags":[],"_links":{"self":[{"href":"https:\/\/www.trachtenverband-unterfranken.de\/index.php?rest_route=\/wp\/v2\/posts\/4459"}],"collection":[{"href":"https:\/\/www.trachtenverband-unterfranken.de\/index.php?rest_route=\/wp\/v2\/posts"}],"about":[{"href":"https:\/\/www.trachtenverband-unterfranken.de\/index.php?rest_route=\/wp\/v2\/types\/post"}],"author":[{"embeddable":true,"href":"https:\/\/www.trachtenverband-unterfranken.de\/index.php?rest_route=\/wp\/v2\/users\/3"}],"replies":[{"embeddable":true,"href":"https:\/\/www.trachtenverband-unterfranken.de\/index.php?rest_route=%2Fwp%2Fv2%2Fcomments&post=4459"}],"version-history":[{"count":8,"href":"https:\/\/www.trachtenverband-unterfranken.de\/index.php?rest_route=\/wp\/v2\/posts\/4459\/revisions"}],"predecessor-version":[{"id":5872,"href":"https:\/\/www.trachtenverband-unterfranken.de\/index.php?rest_route=\/wp\/v2\/posts\/4459\/revisions\/5872"}],"wp:attachment":[{"href":"https:\/\/www.trachtenverband-unterfranken.de\/index.php?rest_route=%2Fwp%2Fv2%2Fmedia&parent=4459"}],"wp:term":[{"taxonomy":"category","embeddable":true,"href":"https:\/\/www.trachtenverband-unterfranken.de\/index.php?rest_route=%2Fwp%2Fv2%2Fcategories&post=4459"},{"taxonomy":"post_tag","embeddable":true,"href":"https:\/\/www.trachtenverband-unterfranken.de\/index.php?rest_route=%2Fwp%2Fv2%2Ftags&post=4459"}],"curies":[{"name":"wp","href":"https:\/\/api.w.org\/{rel}","templated":true}]}}