{"id":4467,"date":"2016-04-04T18:22:43","date_gmt":"2016-04-04T16:22:43","guid":{"rendered":"http:\/\/www.trachtenverband-unterfranken.de\/?p=4467"},"modified":"2016-04-04T18:22:43","modified_gmt":"2016-04-04T16:22:43","slug":"trachtenjugend-tanzt-und-musiziert-am-23-april-2016","status":"publish","type":"post","link":"https:\/\/www.trachtenverband-unterfranken.de\/?p=4467","title":{"rendered":"Trachtenjugend tanzt und musiziert am 23. April 2016"},"content":{"rendered":"<p>Liebe Trachtler,<br \/>\nLiebe Gauvorst\u00e4nde,<br \/>\nliebe Gaujugendvertreter,<\/p>\n<p>im Augustiner Stadl in Holzhausen steht eine neue Veranstaltung auf dem Programm. \u201eTrachtenjugend tanzt und musiziert\u201c. Sie findet statt am 23. April um 20:00 Uhr.<\/p>\n<p>\u201eAus zwei verschiedenen Gauverb\u00e4nden des Bayerischen Trachtenverbandes, dem Trachtengau Niederbayern und dem Gauverband I, treffen sich die Jugendgruppen am 23. April 2016 um 20:00 Uhr im Augustiner Stadl des Trachtenkulturzentrum Holzhausen. Sie zeigen T\u00e4nze und Schuhplattler aus ihren Heimatgauen. Junge Musiker singen Lieder und spielen St\u00fccke, die f\u00fcr die jeweiligen Regionen typisch sind. Die Zuschauer erleben dabei die Vielfalt der Trachten, der T\u00e4nze und der Musik, die im Bayerischen Trachtenverband lebendig sind. Zwei Stunden wird ein buntes Programm geboten, das f\u00fcr jeden Geschmack etwas zu bieten hat. Die Karten f\u00fcr diese Veranstaltung k\u00f6nnen ab sofort in der Gesch\u00e4ftsstelle der Bayerischen Trachtenjugend telefonisch unter 08741\/94 977 120 bestellt werden. Beginn: 20:00 Uhr. Einlass: 18:30 Uhr Eintrittspreis: \u20ac 8,- Die Pl\u00e4tze sind nummeriert. \u201c<\/p>\n<p>Wir w\u00fcrden uns sehr freuen euch bei der Veranstaltung begr\u00fc\u00dfen zu d\u00fcrfen.<\/p>\n<p>Viele Gr\u00fc\u00dfe und ein sch\u00f6nes Wochenende,<\/p>\n<p>Andreas Oberprieler<\/p>\n<p><a href=\"https:\/\/www.trachtenverband-unterfranken.de\/wp-content\/uploads\/2016\/04\/Einladung-Trachtenjugend-tanzt.pdf\" rel=\"\">Einladung Trachtenjugend tanzt<\/a><\/p>\n","protected":false},"excerpt":{"rendered":"<p>Liebe Trachtler, Liebe Gauvorst\u00e4nde, liebe Gaujugendvertreter, im Augustiner Stadl in Holzhausen steht eine neue Veranstaltung auf dem Programm. \u201eTrachtenjugend tanzt und musiziert\u201c. Sie findet statt am 23. April um 20:00 Uhr. \u201eAus zwei verschiedenen Gauverb\u00e4nden des Bayerischen Trachtenverbandes, dem Trachtengau Niederbayern und dem Gauverband I, treffen sich die Jugendgruppen am 23. April 2016 um 20:00 &hellip; <a href=\"https:\/\/www.trachtenverband-unterfranken.de\/?p=4467\" class=\"more-link\"><span class=\"screen-reader-text\">Trachtenjugend tanzt und musiziert am 23. April 2016<\/span> weiterlesen<\/a><\/p>\n","protected":false},"author":3,"featured_media":0,"comment_status":"closed","ping_status":"closed","sticky":false,"template":"","format":"standard","meta":{"footnotes":""},"categories":[1,9,13,7],"tags":[],"_links":{"self":[{"href":"https:\/\/www.trachtenverband-unterfranken.de\/index.php?rest_route=\/wp\/v2\/posts\/4467"}],"collection":[{"href":"https:\/\/www.trachtenverband-unterfranken.de\/index.php?rest_route=\/wp\/v2\/posts"}],"about":[{"href":"https:\/\/www.trachtenverband-unterfranken.de\/index.php?rest_route=\/wp\/v2\/types\/post"}],"author":[{"embeddable":true,"href":"https:\/\/www.trachtenverband-unterfranken.de\/index.php?rest_route=\/wp\/v2\/users\/3"}],"replies":[{"embeddable":true,"href":"https:\/\/www.trachtenverband-unterfranken.de\/index.php?rest_route=%2Fwp%2Fv2%2Fcomments&post=4467"}],"version-history":[{"count":1,"href":"https:\/\/www.trachtenverband-unterfranken.de\/index.php?rest_route=\/wp\/v2\/posts\/4467\/revisions"}],"predecessor-version":[{"id":4469,"href":"https:\/\/www.trachtenverband-unterfranken.de\/index.php?rest_route=\/wp\/v2\/posts\/4467\/revisions\/4469"}],"wp:attachment":[{"href":"https:\/\/www.trachtenverband-unterfranken.de\/index.php?rest_route=%2Fwp%2Fv2%2Fmedia&parent=4467"}],"wp:term":[{"taxonomy":"category","embeddable":true,"href":"https:\/\/www.trachtenverband-unterfranken.de\/index.php?rest_route=%2Fwp%2Fv2%2Fcategories&post=4467"},{"taxonomy":"post_tag","embeddable":true,"href":"https:\/\/www.trachtenverband-unterfranken.de\/index.php?rest_route=%2Fwp%2Fv2%2Ftags&post=4467"}],"curies":[{"name":"wp","href":"https:\/\/api.w.org\/{rel}","templated":true}]}}