{"id":4470,"date":"2016-04-04T18:27:01","date_gmt":"2016-04-04T16:27:01","guid":{"rendered":"http:\/\/www.trachtenverband-unterfranken.de\/?p=4470"},"modified":"2016-04-04T18:27:01","modified_gmt":"2016-04-04T16:27:01","slug":"einladung-zum-tanzfest-in-urspringen-9-4-2016","status":"publish","type":"post","link":"https:\/\/www.trachtenverband-unterfranken.de\/?p=4470","title":{"rendered":"Einladung zum Tanzfest in Urspringen 9.4.2016"},"content":{"rendered":"<p>Zum 31. fr\u00e4nkischen Tanzabend nach Urspringen laden Sie die Freunde der fr\u00e4nkischen Brauchtums am Sa. 9 April 2016 in die Festhalle Urspringen ein. Es spielen die &#8222;Stra\u00dfenmusikanten&#8220;. Tischreservierung bei Gerhard Hart &#8211; Tel. 09396 \/1237<\/p>\n<p><a href=\"https:\/\/www.trachtenverband-unterfranken.de\/wp-content\/uploads\/2016\/04\/Einladung_.pdf\" rel=\"\">Einladung herunterladen<\/a><\/p>\n","protected":false},"excerpt":{"rendered":"<p>Zum 31. fr\u00e4nkischen Tanzabend nach Urspringen laden Sie die Freunde der fr\u00e4nkischen Brauchtums am Sa. 9 April 2016 in die Festhalle Urspringen ein. Es spielen die &#8222;Stra\u00dfenmusikanten&#8220;. Tischreservierung bei Gerhard Hart &#8211; Tel. 09396 \/1237 Einladung herunterladen<\/p>\n","protected":false},"author":3,"featured_media":0,"comment_status":"closed","ping_status":"closed","sticky":false,"template":"","format":"standard","meta":{"footnotes":""},"categories":[1],"tags":[],"_links":{"self":[{"href":"https:\/\/www.trachtenverband-unterfranken.de\/index.php?rest_route=\/wp\/v2\/posts\/4470"}],"collection":[{"href":"https:\/\/www.trachtenverband-unterfranken.de\/index.php?rest_route=\/wp\/v2\/posts"}],"about":[{"href":"https:\/\/www.trachtenverband-unterfranken.de\/index.php?rest_route=\/wp\/v2\/types\/post"}],"author":[{"embeddable":true,"href":"https:\/\/www.trachtenverband-unterfranken.de\/index.php?rest_route=\/wp\/v2\/users\/3"}],"replies":[{"embeddable":true,"href":"https:\/\/www.trachtenverband-unterfranken.de\/index.php?rest_route=%2Fwp%2Fv2%2Fcomments&post=4470"}],"version-history":[{"count":1,"href":"https:\/\/www.trachtenverband-unterfranken.de\/index.php?rest_route=\/wp\/v2\/posts\/4470\/revisions"}],"predecessor-version":[{"id":4472,"href":"https:\/\/www.trachtenverband-unterfranken.de\/index.php?rest_route=\/wp\/v2\/posts\/4470\/revisions\/4472"}],"wp:attachment":[{"href":"https:\/\/www.trachtenverband-unterfranken.de\/index.php?rest_route=%2Fwp%2Fv2%2Fmedia&parent=4470"}],"wp:term":[{"taxonomy":"category","embeddable":true,"href":"https:\/\/www.trachtenverband-unterfranken.de\/index.php?rest_route=%2Fwp%2Fv2%2Fcategories&post=4470"},{"taxonomy":"post_tag","embeddable":true,"href":"https:\/\/www.trachtenverband-unterfranken.de\/index.php?rest_route=%2Fwp%2Fv2%2Ftags&post=4470"}],"curies":[{"name":"wp","href":"https:\/\/api.w.org\/{rel}","templated":true}]}}