{"id":4482,"date":"2016-04-27T17:17:24","date_gmt":"2016-04-27T15:17:24","guid":{"rendered":"http:\/\/www.trachtenverband-unterfranken.de\/?p=4482"},"modified":"2016-04-27T17:17:24","modified_gmt":"2016-04-27T15:17:24","slug":"landesvorsitzender-max-bertl-mit-dem-bundesverdienstorden-ausgezeichnet","status":"publish","type":"post","link":"https:\/\/www.trachtenverband-unterfranken.de\/?p=4482","title":{"rendered":"Landesvorsitzender Max Bertl mit dem Bundesverdienstorden ausgezeichnet"},"content":{"rendered":"<div id='gallery-1' class='gallery galleryid-4482 gallery-columns-3 gallery-size-thumbnail'><figure class='gallery-item'>\n\t\t\t<div class='gallery-icon landscape'>\n\t\t\t\t<a href='https:\/\/www.trachtenverband-unterfranken.de\/wp-content\/uploads\/2016\/04\/PRP_0330.jpg'><img loading=\"lazy\" decoding=\"async\" width=\"150\" height=\"150\" src=\"https:\/\/www.trachtenverband-unterfranken.de\/wp-content\/uploads\/2016\/04\/PRP_0330-150x150.jpg\" class=\"attachment-thumbnail size-thumbnail\" alt=\"\" \/><\/a>\n\t\t\t<\/div><\/figure><figure class='gallery-item'>\n\t\t\t<div class='gallery-icon landscape'>\n\t\t\t\t<a href='https:\/\/www.trachtenverband-unterfranken.de\/wp-content\/uploads\/2016\/04\/PRP_0070.jpg'><img loading=\"lazy\" decoding=\"async\" width=\"150\" height=\"150\" src=\"https:\/\/www.trachtenverband-unterfranken.de\/wp-content\/uploads\/2016\/04\/PRP_0070-150x150.jpg\" class=\"attachment-thumbnail size-thumbnail\" alt=\"\" \/><\/a>\n\t\t\t<\/div><\/figure>\n\t\t<\/div>\n\n<p>Das Verdienstkreuz am Bande des Verdienstordens der Bundesrepublik Deutschland hat Bayerns oberster Trachtler, der Zimmerermeister Max Bertl aus Wildsteig von Ministerpr\u00e4sident Horst Seehofer erhalten.<\/p>\n<p>Die Laudatio: Mit Herzblut engagiert sich Herr Bertl seit 1964 in vielf\u00e4ltiger Weise auf \u00f6rtlicher und \u00fcber\u00f6rtlicher Ebene f\u00fcr die bayerische Kultur, die Tradition und die Heimatpflege. Er trat dem \u00f6rtlichen Trachtenverein \u201eAlpengru\u00df\u201c Wildsteig bei und \u00fcbernahm von Anfang an verantwortliche Funktionen als Fahnenbegleiter, Beisitzer, zweiter und erster Vorstand. Auch als langj\u00e4hriger erster und zweiter Gauvorstand des \u201eOberen Lechgau-Verbandes e. V.\u201c sowie erst als Stellvertretender und seit 2011 als Landesvorsitzender des \u201eBayerischen Trachtenverbandes e. V.\u201c setzt er sich unerm\u00fcdlich f\u00fcr das bayerische Brauchtum ein, um insbesondere die Jugend daf\u00fcr zu begeistern und es auch f\u00fcr die nachfolgenden Generationen zu erhalten. Als Gauvorstand zeichnete Herr Bertl f\u00fcr unz\u00e4hlige Gaufeste und die Landesversammlung des Bayerischen Trachtenverbandes verantwortlich. Dabei waren seine hohe soziale Kompetenz und sein Fachwissen gefragt, um die vielf\u00e4ltigen Belange der Trachtenkameraden in den 22 Gauverb\u00e4nden Bayerns mit ihren regionalen Besonderheiten miteinander zu vereinen. Als Mitglied des Beirats im \u201eBayerischen Landesverein f\u00fcr Heimatpflege e. V.\u201c \u00fcbernimmt Herr Bertl seit Jahren die Aufgabe, den Vorstand bei der Leitung des Vereins zu unterst\u00fctzen und in Angelegenheiten von grunds\u00e4tzlicher Bedeutung, u.a. der Landschaftspflege und Baukultur, zu beraten. Seine fachliche Kompetenz als gelernter Zimmerer ist hierbei von gro\u00dfem Vorteil und hilft, die Weiterentwicklung des Bauwesens mit dem Traditionsbewusstsein zu vereinbaren. Seit Jahrzehnten geh\u00f6rt Herr Bertl dem Pfarrgemeinderat St. Jakob an. Auch engagierte er sich viele Jahre als Mitglied im Gemeinderat Wildsteig. Seit 2002 vertritt er die Belange und Interessen seiner Mitb\u00fcrgerinnen und Mitb\u00fcrger als Mitglied des Kreistags des Landkreises Weilheim-Schongau. Seine T\u00e4tigkeit als Beirat im \u201eFestring M\u00fcnchen e. V.\u201c, im \u201eBayernbund e. V.\u201c sowie in der \u201eBayerischen Einigung e. V.\u201c rundet das ehrenamtliche Wirken von Herrn Bertl in beeindruckender Weise ab.<\/p>\n<p>Fotos: Bayerische Staatskanzlei<\/p>\n","protected":false},"excerpt":{"rendered":"<p>Das Verdienstkreuz am Bande des Verdienstordens der Bundesrepublik Deutschland hat Bayerns oberster Trachtler, der Zimmerermeister Max Bertl aus Wildsteig von Ministerpr\u00e4sident Horst Seehofer erhalten. Die Laudatio: Mit Herzblut engagiert sich Herr Bertl seit 1964 in vielf\u00e4ltiger Weise auf \u00f6rtlicher und \u00fcber\u00f6rtlicher Ebene f\u00fcr die bayerische Kultur, die Tradition und die Heimatpflege. Er trat dem \u00f6rtlichen &hellip; <a href=\"https:\/\/www.trachtenverband-unterfranken.de\/?p=4482\" class=\"more-link\"><span class=\"screen-reader-text\">Landesvorsitzender Max Bertl mit dem Bundesverdienstorden ausgezeichnet<\/span> weiterlesen<\/a><\/p>\n","protected":false},"author":3,"featured_media":0,"comment_status":"closed","ping_status":"closed","sticky":false,"template":"","format":"standard","meta":{"footnotes":""},"categories":[1,9],"tags":[],"_links":{"self":[{"href":"https:\/\/www.trachtenverband-unterfranken.de\/index.php?rest_route=\/wp\/v2\/posts\/4482"}],"collection":[{"href":"https:\/\/www.trachtenverband-unterfranken.de\/index.php?rest_route=\/wp\/v2\/posts"}],"about":[{"href":"https:\/\/www.trachtenverband-unterfranken.de\/index.php?rest_route=\/wp\/v2\/types\/post"}],"author":[{"embeddable":true,"href":"https:\/\/www.trachtenverband-unterfranken.de\/index.php?rest_route=\/wp\/v2\/users\/3"}],"replies":[{"embeddable":true,"href":"https:\/\/www.trachtenverband-unterfranken.de\/index.php?rest_route=%2Fwp%2Fv2%2Fcomments&post=4482"}],"version-history":[{"count":1,"href":"https:\/\/www.trachtenverband-unterfranken.de\/index.php?rest_route=\/wp\/v2\/posts\/4482\/revisions"}],"predecessor-version":[{"id":4485,"href":"https:\/\/www.trachtenverband-unterfranken.de\/index.php?rest_route=\/wp\/v2\/posts\/4482\/revisions\/4485"}],"wp:attachment":[{"href":"https:\/\/www.trachtenverband-unterfranken.de\/index.php?rest_route=%2Fwp%2Fv2%2Fmedia&parent=4482"}],"wp:term":[{"taxonomy":"category","embeddable":true,"href":"https:\/\/www.trachtenverband-unterfranken.de\/index.php?rest_route=%2Fwp%2Fv2%2Fcategories&post=4482"},{"taxonomy":"post_tag","embeddable":true,"href":"https:\/\/www.trachtenverband-unterfranken.de\/index.php?rest_route=%2Fwp%2Fv2%2Ftags&post=4482"}],"curies":[{"name":"wp","href":"https:\/\/api.w.org\/{rel}","templated":true}]}}