{"id":4486,"date":"2016-04-27T17:20:31","date_gmt":"2016-04-27T15:20:31","guid":{"rendered":"http:\/\/www.trachtenverband-unterfranken.de\/?p=4486"},"modified":"2016-04-27T17:23:44","modified_gmt":"2016-04-27T15:23:44","slug":"tanzfest-waigolshausen","status":"publish","type":"post","link":"https:\/\/www.trachtenverband-unterfranken.de\/?p=4486","title":{"rendered":"Tanzfest Waigolshausen"},"content":{"rendered":"<p>Liebe Freunde des fr\u00e4nkischen Tanzes,<\/p>\n<p>die &#8222;Waigolsh\u00e4user Siebenspringer&#8220; laden Euch recht herzlich zum diesj\u00e4hrigen fr\u00e4nkischen Taz am <strong>7. Mai 2016 um 20.00 Uhr im FZZ Waigolshausen<\/strong>\u00a0 ein. Zum Tanz spielen die &#8222;Schrolla Musikanten&#8220;.<\/p>\n<p>Bitte leitet diese Einladung an alle Freunde, Bekannte und Vereinsmitglieder weiter. Kartenvorbestellungen sind unter Tel. 09722\/1292 bei Fam. Seyfried m\u00f6glich.<\/p>\n<p>Wir freuen uns \u00fcber Euer Kommen.<br \/>\nDie &#8222;Waigolsh\u00e4user Siebenspringer&#8220;<\/p>\n<p><a href=\"https:\/\/www.trachtenverband-unterfranken.de\/wp-content\/uploads\/2016\/04\/Scan0002.pdf\">Einladung Tanzfest Waigolshausen<\/a><\/p>\n","protected":false},"excerpt":{"rendered":"<p>Liebe Freunde des fr\u00e4nkischen Tanzes, die &#8222;Waigolsh\u00e4user Siebenspringer&#8220; laden Euch recht herzlich zum diesj\u00e4hrigen fr\u00e4nkischen Taz am 7. Mai 2016 um 20.00 Uhr im FZZ Waigolshausen\u00a0 ein. Zum Tanz spielen die &#8222;Schrolla Musikanten&#8220;. Bitte leitet diese Einladung an alle Freunde, Bekannte und Vereinsmitglieder weiter. Kartenvorbestellungen sind unter Tel. 09722\/1292 bei Fam. Seyfried m\u00f6glich. Wir freuen &hellip; <a href=\"https:\/\/www.trachtenverband-unterfranken.de\/?p=4486\" class=\"more-link\"><span class=\"screen-reader-text\">Tanzfest Waigolshausen<\/span> weiterlesen<\/a><\/p>\n","protected":false},"author":3,"featured_media":0,"comment_status":"closed","ping_status":"closed","sticky":false,"template":"","format":"standard","meta":{"footnotes":""},"categories":[1,9,7,11,12],"tags":[],"_links":{"self":[{"href":"https:\/\/www.trachtenverband-unterfranken.de\/index.php?rest_route=\/wp\/v2\/posts\/4486"}],"collection":[{"href":"https:\/\/www.trachtenverband-unterfranken.de\/index.php?rest_route=\/wp\/v2\/posts"}],"about":[{"href":"https:\/\/www.trachtenverband-unterfranken.de\/index.php?rest_route=\/wp\/v2\/types\/post"}],"author":[{"embeddable":true,"href":"https:\/\/www.trachtenverband-unterfranken.de\/index.php?rest_route=\/wp\/v2\/users\/3"}],"replies":[{"embeddable":true,"href":"https:\/\/www.trachtenverband-unterfranken.de\/index.php?rest_route=%2Fwp%2Fv2%2Fcomments&post=4486"}],"version-history":[{"count":2,"href":"https:\/\/www.trachtenverband-unterfranken.de\/index.php?rest_route=\/wp\/v2\/posts\/4486\/revisions"}],"predecessor-version":[{"id":4492,"href":"https:\/\/www.trachtenverband-unterfranken.de\/index.php?rest_route=\/wp\/v2\/posts\/4486\/revisions\/4492"}],"wp:attachment":[{"href":"https:\/\/www.trachtenverband-unterfranken.de\/index.php?rest_route=%2Fwp%2Fv2%2Fmedia&parent=4486"}],"wp:term":[{"taxonomy":"category","embeddable":true,"href":"https:\/\/www.trachtenverband-unterfranken.de\/index.php?rest_route=%2Fwp%2Fv2%2Fcategories&post=4486"},{"taxonomy":"post_tag","embeddable":true,"href":"https:\/\/www.trachtenverband-unterfranken.de\/index.php?rest_route=%2Fwp%2Fv2%2Ftags&post=4486"}],"curies":[{"name":"wp","href":"https:\/\/api.w.org\/{rel}","templated":true}]}}