{"id":4500,"date":"2016-05-24T21:39:06","date_gmt":"2016-05-24T19:39:06","guid":{"rendered":"http:\/\/www.trachtenverband-unterfranken.de\/?p=4500"},"modified":"2016-05-24T21:45:40","modified_gmt":"2016-05-24T19:45:40","slug":"einladung-zum-kronenfest-am-samstag-den-25-juni-2016","status":"publish","type":"post","link":"https:\/\/www.trachtenverband-unterfranken.de\/?p=4500","title":{"rendered":"Einladung zum Kronenfest am Samstag, den 25. Juni 2016"},"content":{"rendered":"<p><a href=\"https:\/\/www.trachtenverband-unterfranken.de\/wp-content\/uploads\/2016\/05\/Kronenfest.png\"><img loading=\"lazy\" decoding=\"async\" class=\"wp-image-4502 size-thumbnail alignright\" src=\"https:\/\/www.trachtenverband-unterfranken.de\/wp-content\/uploads\/2016\/05\/Kronenfest-150x150.png\" alt=\"Kronenfest\" width=\"150\" height=\"150\" \/><\/a>Die Evangelische Kirche Giebelstadt l\u00e4dt ein:<\/p>\n<p><strong> 14.00 Uhr<\/strong> Gottesdienst nach siebenb\u00fcrgischem Brauch in der Katholischen Kirche St. Josef, Ingolstadter Str. 8<br \/>\n<strong>15.00 Uhr<\/strong> Fester\u00f6ffnung am Kronenbaum vor der Evangelischen Kirche<br \/>\n<strong>15.30 Uhr<\/strong> Kaffee und Kuchen, auch siebenb\u00fcrgisches Geb\u00e4ck<br \/>\n<strong>16.00 Uhr<\/strong> Kulturprogramm \u2013 Trachtentanzgruppe aus Scholten<br \/>\n<strong>17.00 Uhr<\/strong> Unterhaltung mit den KESSELRING MUSIKANTEN<br \/>\n<strong>18.00 Uhr<\/strong> Abendessen \u2013 Gutes vom Grill und Salate<br \/>\n<strong>22.00 Uhr<\/strong> Festausklang<\/p>\n<p><strong>Kinderprogramm am Nachmittag<\/strong><\/p>\n<p>Alle Gemeindemitglieder, Freunde und<br \/>\nBekannte sind herzlich willkommen!<br \/>\n\u00bb Trachten sind erw\u00fcnscht \u00ab<\/p>\n<p>Evang.-Luth. Pfarramt Herchsheim \u00b7 Obere Kirchgasse 4 \u00b7 97232 Giebelstadt<br \/>\nTelefon 09334-993933 \u00b7 Fax 09334-993940<br \/>\npfarramt.giebelstadt@elkb.de \u00b7 www.evangelisch-im-gau.de<\/p>\n<p><a href=\"https:\/\/www.trachtenverband-unterfranken.de\/wp-content\/uploads\/2016\/05\/Kronenfest_2016_LY3-1.pdf\">Kronenfest_2016<\/a><\/p>\n","protected":false},"excerpt":{"rendered":"<p>Die Evangelische Kirche Giebelstadt l\u00e4dt ein: 14.00 Uhr Gottesdienst nach siebenb\u00fcrgischem Brauch in der Katholischen Kirche St. Josef, Ingolstadter Str. 8 15.00 Uhr Fester\u00f6ffnung am Kronenbaum vor der Evangelischen Kirche 15.30 Uhr Kaffee und Kuchen, auch siebenb\u00fcrgisches Geb\u00e4ck 16.00 Uhr Kulturprogramm \u2013 Trachtentanzgruppe aus Scholten 17.00 Uhr Unterhaltung mit den KESSELRING MUSIKANTEN 18.00 Uhr Abendessen &hellip; <a href=\"https:\/\/www.trachtenverband-unterfranken.de\/?p=4500\" class=\"more-link\"><span class=\"screen-reader-text\">Einladung zum Kronenfest am Samstag, den 25. Juni 2016<\/span> weiterlesen<\/a><\/p>\n","protected":false},"author":3,"featured_media":0,"comment_status":"closed","ping_status":"closed","sticky":false,"template":"","format":"standard","meta":{"footnotes":""},"categories":[9],"tags":[],"_links":{"self":[{"href":"https:\/\/www.trachtenverband-unterfranken.de\/index.php?rest_route=\/wp\/v2\/posts\/4500"}],"collection":[{"href":"https:\/\/www.trachtenverband-unterfranken.de\/index.php?rest_route=\/wp\/v2\/posts"}],"about":[{"href":"https:\/\/www.trachtenverband-unterfranken.de\/index.php?rest_route=\/wp\/v2\/types\/post"}],"author":[{"embeddable":true,"href":"https:\/\/www.trachtenverband-unterfranken.de\/index.php?rest_route=\/wp\/v2\/users\/3"}],"replies":[{"embeddable":true,"href":"https:\/\/www.trachtenverband-unterfranken.de\/index.php?rest_route=%2Fwp%2Fv2%2Fcomments&post=4500"}],"version-history":[{"count":3,"href":"https:\/\/www.trachtenverband-unterfranken.de\/index.php?rest_route=\/wp\/v2\/posts\/4500\/revisions"}],"predecessor-version":[{"id":4512,"href":"https:\/\/www.trachtenverband-unterfranken.de\/index.php?rest_route=\/wp\/v2\/posts\/4500\/revisions\/4512"}],"wp:attachment":[{"href":"https:\/\/www.trachtenverband-unterfranken.de\/index.php?rest_route=%2Fwp%2Fv2%2Fmedia&parent=4500"}],"wp:term":[{"taxonomy":"category","embeddable":true,"href":"https:\/\/www.trachtenverband-unterfranken.de\/index.php?rest_route=%2Fwp%2Fv2%2Fcategories&post=4500"},{"taxonomy":"post_tag","embeddable":true,"href":"https:\/\/www.trachtenverband-unterfranken.de\/index.php?rest_route=%2Fwp%2Fv2%2Ftags&post=4500"}],"curies":[{"name":"wp","href":"https:\/\/api.w.org\/{rel}","templated":true}]}}