{"id":464,"date":"2009-07-21T17:58:47","date_gmt":"2009-07-21T16:58:47","guid":{"rendered":"http:\/\/trachtenverband-unterfranken.de\/wordpress\/?p=464"},"modified":"2009-07-21T17:58:47","modified_gmt":"2009-07-21T16:58:47","slug":"tanz-seminar-aufn-walzer-vom-4-6-september-auf-der-wasserkuppe","status":"publish","type":"post","link":"https:\/\/www.trachtenverband-unterfranken.de\/?p=464","title":{"rendered":"Tanz-Seminar &#8211; Auf&#8217;n Walzer vom 4.-6. September auf der Wasserkuppe"},"content":{"rendered":"<p>Hallo Sie,<\/p>\n<p>ich kann doch Walzer! So mag mancher sagen, der in der Tanzstunde den Wiener<br \/>\nWalzer und den Englischen Walzer gelernt hat.<\/p>\n<p>Aber ist bekannt, dass weder der Wiener Walzer noch der Englische Walzer<br \/>\neinen Platz im Deutschen Volkstanz haben. Na gut, mit dem<br \/>\nIrgendwie-um-die-Ecke-kommen-Walzer und dem Feld-Wald-und-Wiesen-Walzer ist<br \/>\nes doch auch getan!?<\/p>\n<p>Tanzleiter, Vort\u00e4nzer oder ambitionierte Tanzfreunde m\u00f6chten sicherlich ein<br \/>\nbesseres Bild auf der B\u00fchne oder auf dem Tanzboden abgeben.<\/p>\n<p>So m\u00f6chten wir die Seminarreihe &#8222;Grundschritte des Deutschen Volkstanzes&#8220;<br \/>\nmit einem weiteren Walzerseminar erg\u00e4nzen. Grundschritte? Ja, das Handwerk<br \/>\nm\u00f6chte gelernt sein! Dazu geh\u00f6ren die Vielfalt der Walzerschritte und<br \/>\n-formen aus den verschiedenen Regionen Deutschlands. Auf dieser Grundlage<br \/>\nwerden ausgew\u00e4hlte Paar- und Gruppenformen der Tanzfamilie &#8222;Walzer&#8220;<br \/>\nerarbeitet.<\/p>\n<p>Kein anderer Tanz ist in Deutschland so beliebt und verbreitet. &#8211; Er ist der<br \/>\ndeutsche Nationaltanz schlechthin. Ob nun Getretener Walzer, Schleifwalzer,<br \/>\nH\u00fcpfwalzer, Wechselschrittwalzer oder jede andere der 12 Walzerarten des<br \/>\nDeutschen Volkstanzes m\u00f6chte unter fachkundiger Anleitung t\u00e4nzerisch erobert<br \/>\nwerden.<\/p>\n<p>Einen besonderen Schwerpunkt legen wir diesmal auf Offene Walzerformen und<br \/>\nGruppenwalzerformen. Wir setzen damit unsere Walzerreihe fort. Neueinsteiger<br \/>\nmit Walzererfahrung und Tanzleiter sind herzlich willkommen!<br \/>\n(Beginn Freitagabend, 12 Unterrichtsstunden \u00e0 45 min.)<\/p>\n<p>2 \u00dcbernachtungen in Mehrbettzimmern mit Vollpension sind im Preis enthalten.<br \/>\nEinzel- und Doppelzimmer stehen im begrenzten Ma\u00dfe zur Verf\u00fcgung:<br \/>\nZuschlag bei 2?Bett?Belegung ? 7,50 pro Person<br \/>\nZuschlag bei Einzelbelegung ? 15,- pro Person<\/p>\n<p>Anmeldung: DJO Deutsche Jugend in Europa, Landesverband Hessen e.V.<br \/>\nHeckenh\u00f6fchen 2, 36163 Poppenhausen-Rodholz,<br \/>\nTel.: 06658 \/ 919001, E-Mail: DJOHessen&lt;AltGr-Q&gt;t-online.de<br \/>\nKursgeb\u00fchr: ? 65,-\/Mitglieder ? 60,-<br \/>\nDie Geb\u00fchren-Verg\u00fcnstigung f\u00fcr diesen Kurs gilt sowohl f\u00fcr Mitglieder der<br \/>\nLAG als auch der DJO.<br \/>\nKontoinhaber: Deutsche Jugend in Europa<br \/>\nKonto-Nr.: 27210 bei der Sparkasse Fulda, BLZ: 530 501 80<br \/>\n\u00dcberweisungsvermerk: &#8222;23\/2009 Walzer, Waserkuppe&#8220;<\/p>\n<p>Maud Butter ist Meistersch\u00fclerin bei Aenne Goldschmidt, freiberufliche<br \/>\nTanzp\u00e4dagogin u.a. an der Palucca Schule, Dresden und k\u00fcnstlerische Leiterin<br \/>\ndes Folkloretanzensemble &#8222;Thea Maass&#8220; der TU Dresden. Es gibt wohl keine<br \/>\nkompetentere Referentin f\u00fcr den Deutschen Volkstanz. Weiterbildung ist hier<br \/>\ngarantiert!<\/p>\n<p>Das Seminar findet zu einem sehr g\u00fcnstigen Preis vom 4. bis 6. September auf<br \/>\nder Wasserkuppe statt. Neben Bildung kommt also auch die Erholung auf dem<br \/>\nh\u00f6chsten Berg Hessens nicht zu kurz. Wir w\u00fcrden uns freuen T\u00e4nzer aus<br \/>\nunserer Nachbarschaft begr\u00fc\u00dfen zu d\u00fcrfen. Siehe auch <a href=\"http:\/\/www.lag-tanz-hessen.de\/\">www.lag-tanz-hessen.de<\/a><br \/>\nund Anhang. F\u00fcr Fragen stehe ich gerne zur Verf\u00fcgung.<\/p>\n<p>Bitte weitersagen!<\/p>\n<p>Mit besten Gr\u00fc\u00dfen<br \/>\nMario Hecker<\/p>\n<p>1. Vorsitzender<br \/>\nLAG Tanz Hessen e.V.<br \/>\n<a href=\"http:\/\/www.lag-tanz-hessen.de\/\">www.lag-tanz-hessen.de<\/a><br \/>\n<a href=\"http:\/\/www.jugend-tanzt.lag-tanz-hessen.de\/\">www.jugend-tanzt.lag-tanz-hessen.de<\/a><br \/>\n<a href=\"http:\/\/www.volkstanz-symposium.de\/\">www.volkstanz-symposium.de<\/a><br \/>\n<a href=\"http:\/\/www.das-tanzschiff.de\/\">www.das-tanzschiff.de<\/a><br \/>\nTel.: 06172\/137763<\/p>\n","protected":false},"excerpt":{"rendered":"<p>Hallo Sie, ich kann doch Walzer! So mag mancher sagen, der in der Tanzstunde den Wiener Walzer und den Englischen Walzer gelernt hat. Aber ist bekannt, dass weder der Wiener Walzer noch der Englische Walzer einen Platz im Deutschen Volkstanz haben. Na gut, mit dem Irgendwie-um-die-Ecke-kommen-Walzer und dem Feld-Wald-und-Wiesen-Walzer ist es doch auch getan!? Tanzleiter, &hellip; <a href=\"https:\/\/www.trachtenverband-unterfranken.de\/?p=464\" class=\"more-link\"><span class=\"screen-reader-text\">Tanz-Seminar &#8211; Auf&#8217;n Walzer vom 4.-6. September auf der Wasserkuppe<\/span> weiterlesen<\/a><\/p>\n","protected":false},"author":1,"featured_media":0,"comment_status":"open","ping_status":"open","sticky":false,"template":"","format":"standard","meta":{"footnotes":""},"categories":[1,9],"tags":[],"_links":{"self":[{"href":"https:\/\/www.trachtenverband-unterfranken.de\/index.php?rest_route=\/wp\/v2\/posts\/464"}],"collection":[{"href":"https:\/\/www.trachtenverband-unterfranken.de\/index.php?rest_route=\/wp\/v2\/posts"}],"about":[{"href":"https:\/\/www.trachtenverband-unterfranken.de\/index.php?rest_route=\/wp\/v2\/types\/post"}],"author":[{"embeddable":true,"href":"https:\/\/www.trachtenverband-unterfranken.de\/index.php?rest_route=\/wp\/v2\/users\/1"}],"replies":[{"embeddable":true,"href":"https:\/\/www.trachtenverband-unterfranken.de\/index.php?rest_route=%2Fwp%2Fv2%2Fcomments&post=464"}],"version-history":[{"count":0,"href":"https:\/\/www.trachtenverband-unterfranken.de\/index.php?rest_route=\/wp\/v2\/posts\/464\/revisions"}],"wp:attachment":[{"href":"https:\/\/www.trachtenverband-unterfranken.de\/index.php?rest_route=%2Fwp%2Fv2%2Fmedia&parent=464"}],"wp:term":[{"taxonomy":"category","embeddable":true,"href":"https:\/\/www.trachtenverband-unterfranken.de\/index.php?rest_route=%2Fwp%2Fv2%2Fcategories&post=464"},{"taxonomy":"post_tag","embeddable":true,"href":"https:\/\/www.trachtenverband-unterfranken.de\/index.php?rest_route=%2Fwp%2Fv2%2Ftags&post=464"}],"curies":[{"name":"wp","href":"https:\/\/api.w.org\/{rel}","templated":true}]}}