{"id":466,"date":"2009-07-21T18:21:26","date_gmt":"2009-07-21T17:21:26","guid":{"rendered":"http:\/\/trachtenverband-unterfranken.de\/wordpress\/?p=466"},"modified":"2009-07-21T18:21:26","modified_gmt":"2009-07-21T17:21:26","slug":"landtagsempfang-fest-der-kulturen-am-18-07-2009","status":"publish","type":"post","link":"https:\/\/www.trachtenverband-unterfranken.de\/?p=466","title":{"rendered":"Fest der Kulturen am 18.07.2009"},"content":{"rendered":"<p><strong> <\/strong><\/p>\n<p><strong><\/strong>Beim Fest der Kulturen auf dem Schweinfurter Marktplatz am vergangenen Samstag haben die Geldersheimer Trachtler das bunte B\u00fchnenprogramm mitgestaltet.<\/p>\n<p style=\"text-align: center;\"><a href=\"http:\/\/trachtenverband-unterfranken.de\/wordpress\/wp-content\/uploads\/2009\/07\/P1000594.JPG\"><img loading=\"lazy\" decoding=\"async\" class=\"size-medium wp-image-469 aligncenter\" title=\"P1000594\" src=\"http:\/\/trachtenverband-unterfranken.de\/wordpress\/wp-content\/uploads\/2009\/07\/P1000594-440x293.jpg\" alt=\"P1000594\" width=\"440\" height=\"293\" \/><\/a><\/p>\n<p>Ziel dieses Festes ist das kommunikative Miteinander der verschiedenen Volksgruppen, die in unserer Region leben, zu f\u00f6rdern. So gab es brasilianischen Samba, Galderschummer Volkst\u00e4nze, t\u00fcrkische Folklore und auch russische Pop-Musik als bunten und klangvollen Br\u00fcckenschlag zwischen den Kulturen. Eine reichhaltige Auswahl an verschiedenen Speisen rundete das Programm ab.<\/p>\n<p style=\"text-align: center;\"><a href=\"http:\/\/trachtenverband-unterfranken.de\/wordpress\/wp-content\/uploads\/2009\/07\/P1000621.JPG\"><img loading=\"lazy\" decoding=\"async\" class=\"size-medium wp-image-468 aligncenter\" title=\"P1000621\" src=\"http:\/\/trachtenverband-unterfranken.de\/wordpress\/wp-content\/uploads\/2009\/07\/P1000621-293x440.jpg\" alt=\"P1000621\" width=\"293\" height=\"440\" \/><\/a><\/p>\n<p>Oliver Brust<\/p>\n","protected":false},"excerpt":{"rendered":"<p>Beim Fest der Kulturen auf dem Schweinfurter Marktplatz am vergangenen Samstag haben die Geldersheimer Trachtler das bunte B\u00fchnenprogramm mitgestaltet. Ziel dieses Festes ist das kommunikative Miteinander der verschiedenen Volksgruppen, die in unserer Region leben, zu f\u00f6rdern. So gab es brasilianischen Samba, Galderschummer Volkst\u00e4nze, t\u00fcrkische Folklore und auch russische Pop-Musik als bunten und klangvollen Br\u00fcckenschlag zwischen &hellip; <a href=\"https:\/\/www.trachtenverband-unterfranken.de\/?p=466\" class=\"more-link\"><span class=\"screen-reader-text\">Fest der Kulturen am 18.07.2009<\/span> weiterlesen<\/a><\/p>\n","protected":false},"author":1,"featured_media":0,"comment_status":"open","ping_status":"open","sticky":false,"template":"","format":"standard","meta":{"footnotes":""},"categories":[1],"tags":[],"_links":{"self":[{"href":"https:\/\/www.trachtenverband-unterfranken.de\/index.php?rest_route=\/wp\/v2\/posts\/466"}],"collection":[{"href":"https:\/\/www.trachtenverband-unterfranken.de\/index.php?rest_route=\/wp\/v2\/posts"}],"about":[{"href":"https:\/\/www.trachtenverband-unterfranken.de\/index.php?rest_route=\/wp\/v2\/types\/post"}],"author":[{"embeddable":true,"href":"https:\/\/www.trachtenverband-unterfranken.de\/index.php?rest_route=\/wp\/v2\/users\/1"}],"replies":[{"embeddable":true,"href":"https:\/\/www.trachtenverband-unterfranken.de\/index.php?rest_route=%2Fwp%2Fv2%2Fcomments&post=466"}],"version-history":[{"count":0,"href":"https:\/\/www.trachtenverband-unterfranken.de\/index.php?rest_route=\/wp\/v2\/posts\/466\/revisions"}],"wp:attachment":[{"href":"https:\/\/www.trachtenverband-unterfranken.de\/index.php?rest_route=%2Fwp%2Fv2%2Fmedia&parent=466"}],"wp:term":[{"taxonomy":"category","embeddable":true,"href":"https:\/\/www.trachtenverband-unterfranken.de\/index.php?rest_route=%2Fwp%2Fv2%2Fcategories&post=466"},{"taxonomy":"post_tag","embeddable":true,"href":"https:\/\/www.trachtenverband-unterfranken.de\/index.php?rest_route=%2Fwp%2Fv2%2Ftags&post=466"}],"curies":[{"name":"wp","href":"https:\/\/api.w.org\/{rel}","templated":true}]}}