{"id":4672,"date":"2017-03-24T16:27:50","date_gmt":"2017-03-24T15:27:50","guid":{"rendered":"http:\/\/www.trachtenverband-unterfranken.de\/?p=4672"},"modified":"2017-03-24T16:27:50","modified_gmt":"2017-03-24T15:27:50","slug":"aktuelle-ausstellungs-informationen-aus-dem-trachtenkulturzentrum-holzhausen","status":"publish","type":"post","link":"https:\/\/www.trachtenverband-unterfranken.de\/?p=4672","title":{"rendered":"Aktuelle Ausstellungs-Informationen aus dem Trachtenkulturzentrum Holzhausen"},"content":{"rendered":"<p><strong>Neue Ausstellungs-Eindr\u00fccke bietet der Bayerische Trachtenverband in seinem Trachtenkulturzentrum im niederbayerischen Holzhausen ab Samstag, 1. April. Weitere Informationen gibt es unter www.trachtenverband-bayern.de.<\/strong><\/p>\n<p>Neue Ausstellung &#8222;Auf Schusters Rappen&#8220; ab 01. April 2017<\/p>\n<p>Wer auf Schusters Rappen unterwegs ist, geht zu Fu\u00df mit den eigenen Schuhen.<br \/>\nDie schwarzen Schuhe werden sp\u00e4testens seit dem 17. Jahrhundert als die Rappen (Rappe = rabenschwarzes Pferd) des Schusters bezeichnet. Die sprichw\u00f6rtliche Armut des Schusters wird in dieser Wendung bewusst mit dem wertvollen Pferd in Kontrast gesetzt.<br \/>\nDie Ausstellung \u00bbAuf Schusters Rappen\u00ab zeigt nicht nur die Vielfalt der Bein- und Fu\u00dfbekleidung, sondern auch noch, was alles vom Schuster aus Leder gefertigt wird.<\/p>\n<p>Erstmalig wurde diese Ausstellung vom Sachgebiet des Bayerischen Trachtenverbandes &#8222;Trachtenpflege und Trachtenforschung&#8220; konzipiert und realisiert.<br \/>\nDauerausstellung im Trachtenkulturmuseum<\/p>\n<p>Die historische Kleidungskultur, vorrangig der l\u00e4ndlich-b\u00e4uerlichen Bev\u00f6lkerung, genie\u00dft in Bayern seit dem 19. Jahrhundert das Interesse verschiedener Personenkreise. Die Antriebe hierzu waren vorrangig ein traditionalistisches Kulturverst\u00e4ndnis wie auch staatspolitische Erw\u00e4gungen. Dabei wurde und wird die getreue Orientierung am tats\u00e4chlichen Kleidungsverhalten der Vergangenheit vielfach von Neusch\u00f6pfungen aus unterschiedlichsten Motiven erg\u00e4nzt und \u00fcberlagert.<br \/>\nTracht ist in diesem Kontext Identit\u00e4tsmerkmal f\u00fcr bayerische Lebensart. Nicht nur in Gestalt der organisierten Trachtenbewegung manifestiert sich Tracht zudem als expressiver Teil der bayerischen Repr\u00e4sentationskultur bis zur Gegenwart.<br \/>\n(Text: Historisches Lexikon Bayern)<\/p>\n<p>Die geschichtliche Entwicklung der Trachtenbewegung in Bayern, vom fr\u00fchen 19. Jahrhundert bis heute, ist im Raum M2 als Dauerausstellung zu sehen.<\/p>\n<p>Die Sachgebiete des Bayerischen Trachtenverbandes sind, Volkstanz und Schuhplattler, Volkslied und Volksmusik, Mundart-Brauchtum-Laienspiel, Trachtenpflege und Trachtenforschung sowie Presse- und \u00d6ffentlichkeitsarbeit. Sie stellen sich mit in diesem Raum vor und sind ein wesentlicher Bestandteil zu Erhaltung unserer bayerischen Lebensart und Kultur.<\/p>\n<p>Bericht und Bilder: Wolfgang Gensberger<\/p>\n<div id='gallery-1' class='gallery galleryid-4672 gallery-columns-3 gallery-size-thumbnail'><figure class='gallery-item'>\n\t\t\t<div class='gallery-icon portrait'>\n\t\t\t\t<a href='https:\/\/www.trachtenverband-unterfranken.de\/wp-content\/uploads\/2017\/03\/kl-ASR-1059.jpg'><img loading=\"lazy\" decoding=\"async\" width=\"150\" height=\"150\" src=\"https:\/\/www.trachtenverband-unterfranken.de\/wp-content\/uploads\/2017\/03\/kl-ASR-1059-150x150.jpg\" class=\"attachment-thumbnail size-thumbnail\" alt=\"\" \/><\/a>\n\t\t\t<\/div><\/figure><figure class='gallery-item'>\n\t\t\t<div class='gallery-icon portrait'>\n\t\t\t\t<a href='https:\/\/www.trachtenverband-unterfranken.de\/wp-content\/uploads\/2017\/03\/kl-ASR-1062.jpg'><img loading=\"lazy\" decoding=\"async\" width=\"150\" height=\"150\" src=\"https:\/\/www.trachtenverband-unterfranken.de\/wp-content\/uploads\/2017\/03\/kl-ASR-1062-150x150.jpg\" class=\"attachment-thumbnail size-thumbnail\" alt=\"\" \/><\/a>\n\t\t\t<\/div><\/figure><figure class='gallery-item'>\n\t\t\t<div class='gallery-icon portrait'>\n\t\t\t\t<a href='https:\/\/www.trachtenverband-unterfranken.de\/wp-content\/uploads\/2017\/03\/kl-ASR-1065.jpg'><img loading=\"lazy\" decoding=\"async\" width=\"150\" height=\"150\" src=\"https:\/\/www.trachtenverband-unterfranken.de\/wp-content\/uploads\/2017\/03\/kl-ASR-1065-150x150.jpg\" class=\"attachment-thumbnail size-thumbnail\" alt=\"\" \/><\/a>\n\t\t\t<\/div><\/figure><figure class='gallery-item'>\n\t\t\t<div class='gallery-icon landscape'>\n\t\t\t\t<a href='https:\/\/www.trachtenverband-unterfranken.de\/wp-content\/uploads\/2017\/03\/kl-ASR-1070.jpg'><img loading=\"lazy\" decoding=\"async\" width=\"150\" height=\"150\" src=\"https:\/\/www.trachtenverband-unterfranken.de\/wp-content\/uploads\/2017\/03\/kl-ASR-1070-150x150.jpg\" class=\"attachment-thumbnail size-thumbnail\" alt=\"\" \/><\/a>\n\t\t\t<\/div><\/figure><figure class='gallery-item'>\n\t\t\t<div class='gallery-icon landscape'>\n\t\t\t\t<a href='https:\/\/www.trachtenverband-unterfranken.de\/wp-content\/uploads\/2017\/03\/kl-IMG_1056.jpg'><img loading=\"lazy\" decoding=\"async\" width=\"150\" height=\"150\" src=\"https:\/\/www.trachtenverband-unterfranken.de\/wp-content\/uploads\/2017\/03\/kl-IMG_1056-150x150.jpg\" class=\"attachment-thumbnail size-thumbnail\" alt=\"\" \/><\/a>\n\t\t\t<\/div><\/figure><figure class='gallery-item'>\n\t\t\t<div class='gallery-icon landscape'>\n\t\t\t\t<a href='https:\/\/www.trachtenverband-unterfranken.de\/wp-content\/uploads\/2017\/03\/kl-IMG_1067.jpg'><img loading=\"lazy\" decoding=\"async\" width=\"150\" height=\"150\" src=\"https:\/\/www.trachtenverband-unterfranken.de\/wp-content\/uploads\/2017\/03\/kl-IMG_1067-150x150.jpg\" class=\"attachment-thumbnail size-thumbnail\" alt=\"\" \/><\/a>\n\t\t\t<\/div><\/figure><figure class='gallery-item'>\n\t\t\t<div class='gallery-icon portrait'>\n\t\t\t\t<a href='https:\/\/www.trachtenverband-unterfranken.de\/wp-content\/uploads\/2017\/03\/kl-IMG_10871.jpg'><img loading=\"lazy\" decoding=\"async\" width=\"150\" height=\"150\" src=\"https:\/\/www.trachtenverband-unterfranken.de\/wp-content\/uploads\/2017\/03\/kl-IMG_10871-150x150.jpg\" class=\"attachment-thumbnail size-thumbnail\" alt=\"\" \/><\/a>\n\t\t\t<\/div><\/figure><figure class='gallery-item'>\n\t\t\t<div class='gallery-icon portrait'>\n\t\t\t\t<a href='https:\/\/www.trachtenverband-unterfranken.de\/wp-content\/uploads\/2017\/03\/kl-IMG_10891.jpg'><img loading=\"lazy\" decoding=\"async\" width=\"150\" height=\"150\" src=\"https:\/\/www.trachtenverband-unterfranken.de\/wp-content\/uploads\/2017\/03\/kl-IMG_10891-150x150.jpg\" class=\"attachment-thumbnail size-thumbnail\" alt=\"\" \/><\/a>\n\t\t\t<\/div><\/figure><figure class='gallery-item'>\n\t\t\t<div class='gallery-icon portrait'>\n\t\t\t\t<a href='https:\/\/www.trachtenverband-unterfranken.de\/wp-content\/uploads\/2017\/03\/kl-IMG_10911.jpg'><img loading=\"lazy\" decoding=\"async\" width=\"150\" height=\"150\" src=\"https:\/\/www.trachtenverband-unterfranken.de\/wp-content\/uploads\/2017\/03\/kl-IMG_10911-150x150.jpg\" class=\"attachment-thumbnail size-thumbnail\" alt=\"\" \/><\/a>\n\t\t\t<\/div><\/figure><figure class='gallery-item'>\n\t\t\t<div class='gallery-icon landscape'>\n\t\t\t\t<a href='https:\/\/www.trachtenverband-unterfranken.de\/wp-content\/uploads\/2017\/03\/kl-Titelbild.jpg'><img loading=\"lazy\" decoding=\"async\" width=\"150\" height=\"150\" src=\"https:\/\/www.trachtenverband-unterfranken.de\/wp-content\/uploads\/2017\/03\/kl-Titelbild-150x150.jpg\" class=\"attachment-thumbnail size-thumbnail\" alt=\"\" \/><\/a>\n\t\t\t<\/div><\/figure>\n\t\t<\/div>\n\n","protected":false},"excerpt":{"rendered":"<p>Neue Ausstellungs-Eindr\u00fccke bietet der Bayerische Trachtenverband in seinem Trachtenkulturzentrum im niederbayerischen Holzhausen ab Samstag, 1. April. Weitere Informationen gibt es unter www.trachtenverband-bayern.de. Neue Ausstellung &#8222;Auf Schusters Rappen&#8220; ab 01. April 2017 Wer auf Schusters Rappen unterwegs ist, geht zu Fu\u00df mit den eigenen Schuhen. Die schwarzen Schuhe werden sp\u00e4testens seit dem 17. Jahrhundert als die &hellip; <a href=\"https:\/\/www.trachtenverband-unterfranken.de\/?p=4672\" class=\"more-link\"><span class=\"screen-reader-text\">Aktuelle Ausstellungs-Informationen aus dem Trachtenkulturzentrum Holzhausen<\/span> weiterlesen<\/a><\/p>\n","protected":false},"author":3,"featured_media":0,"comment_status":"closed","ping_status":"closed","sticky":false,"template":"","format":"standard","meta":{"footnotes":""},"categories":[1,9,28],"tags":[],"_links":{"self":[{"href":"https:\/\/www.trachtenverband-unterfranken.de\/index.php?rest_route=\/wp\/v2\/posts\/4672"}],"collection":[{"href":"https:\/\/www.trachtenverband-unterfranken.de\/index.php?rest_route=\/wp\/v2\/posts"}],"about":[{"href":"https:\/\/www.trachtenverband-unterfranken.de\/index.php?rest_route=\/wp\/v2\/types\/post"}],"author":[{"embeddable":true,"href":"https:\/\/www.trachtenverband-unterfranken.de\/index.php?rest_route=\/wp\/v2\/users\/3"}],"replies":[{"embeddable":true,"href":"https:\/\/www.trachtenverband-unterfranken.de\/index.php?rest_route=%2Fwp%2Fv2%2Fcomments&post=4672"}],"version-history":[{"count":1,"href":"https:\/\/www.trachtenverband-unterfranken.de\/index.php?rest_route=\/wp\/v2\/posts\/4672\/revisions"}],"predecessor-version":[{"id":4683,"href":"https:\/\/www.trachtenverband-unterfranken.de\/index.php?rest_route=\/wp\/v2\/posts\/4672\/revisions\/4683"}],"wp:attachment":[{"href":"https:\/\/www.trachtenverband-unterfranken.de\/index.php?rest_route=%2Fwp%2Fv2%2Fmedia&parent=4672"}],"wp:term":[{"taxonomy":"category","embeddable":true,"href":"https:\/\/www.trachtenverband-unterfranken.de\/index.php?rest_route=%2Fwp%2Fv2%2Fcategories&post=4672"},{"taxonomy":"post_tag","embeddable":true,"href":"https:\/\/www.trachtenverband-unterfranken.de\/index.php?rest_route=%2Fwp%2Fv2%2Ftags&post=4672"}],"curies":[{"name":"wp","href":"https:\/\/api.w.org\/{rel}","templated":true}]}}