{"id":4689,"date":"2017-04-12T17:49:12","date_gmt":"2017-04-12T15:49:12","guid":{"rendered":"http:\/\/www.trachtenverband-unterfranken.de\/?p=4689"},"modified":"2017-04-12T17:49:12","modified_gmt":"2017-04-12T15:49:12","slug":"ostertanz-grafenrheinfeld-17-4","status":"publish","type":"post","link":"https:\/\/www.trachtenverband-unterfranken.de\/?p=4689","title":{"rendered":"Ostertanz Grafenrheinfeld, 17.4."},"content":{"rendered":"<p>Gr\u00fc\u00df Gott, liebe Freunde des Fr\u00e4nkischen Volkstanzes,<\/p>\n<p>sehr herzlich laden wir wieder zum traditionellen<br \/>\nFr\u00e4nkischen Tanzfest zum Fr\u00fchlingserwachen<br \/>\nam Ostermontag, den 17. April, um 19.30 Uhr, in den Saal der<br \/>\n\u201eAlten Amtsvogtei\u201c, Kirchplatz 4 nach 97506 Grafenrheinfeld ein.<br \/>\nEs spielt die \u201eRafelder Brotzeitmusik\u201c zum Tanz auf!<br \/>\nUnter der Tanzleitung von Elisabeth und Josef Eusemann wird auch die<br \/>\n\u201eWeidenberger Francaise\u201c getanzt!<br \/>\nWir freuen uns auf Euer Kommen! Eintritt: 7,&#8211; \u20ac<br \/>\nReserviert bitte bei Interesse rechtzeitig Eure Karten im Vorverkauf!<br \/>\nGemeindebibliothek Tel.: 09723\/9133-45<br \/>\nWeth Fridolin Tel.: 09723\/2840<br \/>\nDanke!<br \/>\nIn freundschaftlicher Verbundenheit<br \/>\nRafelder Brotzeitmusik<br \/>\ni.V.<br \/>\nAndr\u00e9 D\u00f6pfert<\/p>\n","protected":false},"excerpt":{"rendered":"<p>Gr\u00fc\u00df Gott, liebe Freunde des Fr\u00e4nkischen Volkstanzes, sehr herzlich laden wir wieder zum traditionellen Fr\u00e4nkischen Tanzfest zum Fr\u00fchlingserwachen am Ostermontag, den 17. April, um 19.30 Uhr, in den Saal der \u201eAlten Amtsvogtei\u201c, Kirchplatz 4 nach 97506 Grafenrheinfeld ein. Es spielt die \u201eRafelder Brotzeitmusik\u201c zum Tanz auf! Unter der Tanzleitung von Elisabeth und Josef Eusemann wird &hellip; <a href=\"https:\/\/www.trachtenverband-unterfranken.de\/?p=4689\" class=\"more-link\"><span class=\"screen-reader-text\">Ostertanz Grafenrheinfeld, 17.4.<\/span> weiterlesen<\/a><\/p>\n","protected":false},"author":3,"featured_media":0,"comment_status":"closed","ping_status":"closed","sticky":false,"template":"","format":"standard","meta":{"footnotes":""},"categories":[1],"tags":[],"_links":{"self":[{"href":"https:\/\/www.trachtenverband-unterfranken.de\/index.php?rest_route=\/wp\/v2\/posts\/4689"}],"collection":[{"href":"https:\/\/www.trachtenverband-unterfranken.de\/index.php?rest_route=\/wp\/v2\/posts"}],"about":[{"href":"https:\/\/www.trachtenverband-unterfranken.de\/index.php?rest_route=\/wp\/v2\/types\/post"}],"author":[{"embeddable":true,"href":"https:\/\/www.trachtenverband-unterfranken.de\/index.php?rest_route=\/wp\/v2\/users\/3"}],"replies":[{"embeddable":true,"href":"https:\/\/www.trachtenverband-unterfranken.de\/index.php?rest_route=%2Fwp%2Fv2%2Fcomments&post=4689"}],"version-history":[{"count":1,"href":"https:\/\/www.trachtenverband-unterfranken.de\/index.php?rest_route=\/wp\/v2\/posts\/4689\/revisions"}],"predecessor-version":[{"id":4690,"href":"https:\/\/www.trachtenverband-unterfranken.de\/index.php?rest_route=\/wp\/v2\/posts\/4689\/revisions\/4690"}],"wp:attachment":[{"href":"https:\/\/www.trachtenverband-unterfranken.de\/index.php?rest_route=%2Fwp%2Fv2%2Fmedia&parent=4689"}],"wp:term":[{"taxonomy":"category","embeddable":true,"href":"https:\/\/www.trachtenverband-unterfranken.de\/index.php?rest_route=%2Fwp%2Fv2%2Fcategories&post=4689"},{"taxonomy":"post_tag","embeddable":true,"href":"https:\/\/www.trachtenverband-unterfranken.de\/index.php?rest_route=%2Fwp%2Fv2%2Ftags&post=4689"}],"curies":[{"name":"wp","href":"https:\/\/api.w.org\/{rel}","templated":true}]}}