{"id":4744,"date":"2017-09-28T22:19:57","date_gmt":"2017-09-28T20:19:57","guid":{"rendered":"http:\/\/www.trachtenverband-unterfranken.de\/?p=4744"},"modified":"2017-09-28T22:39:50","modified_gmt":"2017-09-28T20:39:50","slug":"hochzeitsbraeuche-ausstellung-in-holzhausen-07-08-okt-2017","status":"publish","type":"post","link":"https:\/\/www.trachtenverband-unterfranken.de\/?p=4744","title":{"rendered":"Hochzeitsbr\u00e4uche &#8211; Ausstellung in Holzhausen 07.-08. Okt. 2017"},"content":{"rendered":"<p><a href=\"https:\/\/www.trachtenverband-unterfranken.de\/wp-content\/uploads\/2017\/09\/2017-10-08-Hochzeitsausstellung-in-Holzhausen.jpg\"><img loading=\"lazy\" decoding=\"async\" class=\"alignleft size-medium wp-image-4752\" src=\"https:\/\/www.trachtenverband-unterfranken.de\/wp-content\/uploads\/2017\/09\/2017-10-08-Hochzeitsausstellung-in-Holzhausen-182x300.jpg\" alt=\"\" width=\"182\" height=\"300\" srcset=\"https:\/\/www.trachtenverband-unterfranken.de\/wp-content\/uploads\/2017\/09\/2017-10-08-Hochzeitsausstellung-in-Holzhausen-182x300.jpg 182w, https:\/\/www.trachtenverband-unterfranken.de\/wp-content\/uploads\/2017\/09\/2017-10-08-Hochzeitsausstellung-in-Holzhausen.jpg 304w\" sizes=\"(max-width: 182px) 100vw, 182px\" \/><\/a>Der Bayerische Trachtenverband l\u00e4dt zu einer Ausstellung \u00fcber Hochzeitsbr\u00e4uche nach Holzhausen ins Trachtenkulturzentrum ein.<\/p>\n<p><a href=\"https:\/\/www.trachtenverband-unterfranken.de\/wp-content\/uploads\/2017\/09\/17-1049-Plakat-richtig-gheirat-1.pdf\">17-1049 Plakat richtig gheirat (1)<\/a><\/p>\n<p><a href=\"https:\/\/www.trachtenverband-unterfranken.de\/wp-content\/uploads\/2017\/09\/17-1050-Flyer-richtig-gheirat-1.pdf\">17-1050 Flyer richtig gheirat (1)<\/a><\/p>\n<p><a href=\"https:\/\/www.trachtenverband-unterfranken.de\/wp-content\/uploads\/2017\/09\/Ladspruch-f\u00fcr-Einladung.pdf\">Ladspruch f\u00fcr Einladung<\/a><\/p>\n<p>&nbsp;<\/p>\n<p>Auch unsere fr\u00e4nkischen Br\u00e4uche sind dargestellt. Weitere Infos dazu k\u00f6nnen unsere Trachtenwartin Lisa Matschiner und unser Brauchtumswart Thomas Kohl geben.<\/p>\n<p>Mit freundlichen Gr\u00fc\u00dfen<\/p>\n<p>&nbsp;<\/p>\n<p>Oliver Brust<\/p>\n","protected":false},"excerpt":{"rendered":"<p>Der Bayerische Trachtenverband l\u00e4dt zu einer Ausstellung \u00fcber Hochzeitsbr\u00e4uche nach Holzhausen ins Trachtenkulturzentrum ein. 17-1049 Plakat richtig gheirat (1) 17-1050 Flyer richtig gheirat (1) Ladspruch f\u00fcr Einladung &nbsp; Auch unsere fr\u00e4nkischen Br\u00e4uche sind dargestellt. Weitere Infos dazu k\u00f6nnen unsere Trachtenwartin Lisa Matschiner und unser Brauchtumswart Thomas Kohl geben. Mit freundlichen Gr\u00fc\u00dfen &nbsp; Oliver Brust<\/p>\n","protected":false},"author":2,"featured_media":0,"comment_status":"closed","ping_status":"closed","sticky":false,"template":"","format":"standard","meta":{"footnotes":""},"categories":[74,9,14,7],"tags":[79,80,61],"_links":{"self":[{"href":"https:\/\/www.trachtenverband-unterfranken.de\/index.php?rest_route=\/wp\/v2\/posts\/4744"}],"collection":[{"href":"https:\/\/www.trachtenverband-unterfranken.de\/index.php?rest_route=\/wp\/v2\/posts"}],"about":[{"href":"https:\/\/www.trachtenverband-unterfranken.de\/index.php?rest_route=\/wp\/v2\/types\/post"}],"author":[{"embeddable":true,"href":"https:\/\/www.trachtenverband-unterfranken.de\/index.php?rest_route=\/wp\/v2\/users\/2"}],"replies":[{"embeddable":true,"href":"https:\/\/www.trachtenverband-unterfranken.de\/index.php?rest_route=%2Fwp%2Fv2%2Fcomments&post=4744"}],"version-history":[{"count":3,"href":"https:\/\/www.trachtenverband-unterfranken.de\/index.php?rest_route=\/wp\/v2\/posts\/4744\/revisions"}],"predecessor-version":[{"id":4754,"href":"https:\/\/www.trachtenverband-unterfranken.de\/index.php?rest_route=\/wp\/v2\/posts\/4744\/revisions\/4754"}],"wp:attachment":[{"href":"https:\/\/www.trachtenverband-unterfranken.de\/index.php?rest_route=%2Fwp%2Fv2%2Fmedia&parent=4744"}],"wp:term":[{"taxonomy":"category","embeddable":true,"href":"https:\/\/www.trachtenverband-unterfranken.de\/index.php?rest_route=%2Fwp%2Fv2%2Fcategories&post=4744"},{"taxonomy":"post_tag","embeddable":true,"href":"https:\/\/www.trachtenverband-unterfranken.de\/index.php?rest_route=%2Fwp%2Fv2%2Ftags&post=4744"}],"curies":[{"name":"wp","href":"https:\/\/api.w.org\/{rel}","templated":true}]}}