{"id":475,"date":"2009-07-23T17:12:48","date_gmt":"2009-07-23T16:12:48","guid":{"rendered":"http:\/\/trachtenverband-unterfranken.de\/wordpress\/?p=475"},"modified":"2009-07-23T17:12:48","modified_gmt":"2009-07-23T16:12:48","slug":"landtagsempfang","status":"publish","type":"post","link":"https:\/\/www.trachtenverband-unterfranken.de\/?p=475","title":{"rendered":"Landtagsempfang"},"content":{"rendered":"<p>Beim Sommerempfang des Bayerischen Landtages am 14.07.2009 in Schloss<br \/>\nSchlei\u00dfheim bei M\u00fcnchen haben die beiden Geldersheimer Trachtler Heike<br \/>\nWarmuth und der 1. Gauvorstand Oliver Brust dem Bayerischen<\/p>\n<p>Ministerpr\u00e4sidenten Horst Seehofer Gr\u00fc\u00dfe aus Unterfranken \u00fcberbracht. Auch die Landtagspr\u00e4sidentin Barbara Stamm freute sich \u00fcber die Gr\u00fc\u00dfe aus Unterfranken.<\/p>\n<p style=\"text-align: center;\"><a href=\"http:\/\/trachtenverband-unterfranken.de\/wordpress\/wp-content\/uploads\/2009\/07\/P1000558.JPG\"><img loading=\"lazy\" decoding=\"async\" class=\"size-medium wp-image-470 aligncenter\" title=\"P1000558\" src=\"http:\/\/trachtenverband-unterfranken.de\/wordpress\/wp-content\/uploads\/2009\/07\/P1000558-293x440.jpg\" alt=\"P1000558\" width=\"293\" height=\"440\" \/><\/a><\/p>\n","protected":false},"excerpt":{"rendered":"<p>Beim Sommerempfang des Bayerischen Landtages am 14.07.2009 in Schloss Schlei\u00dfheim bei M\u00fcnchen haben die beiden Geldersheimer Trachtler Heike Warmuth und der 1. Gauvorstand Oliver Brust dem Bayerischen Ministerpr\u00e4sidenten Horst Seehofer Gr\u00fc\u00dfe aus Unterfranken \u00fcberbracht. Auch die Landtagspr\u00e4sidentin Barbara Stamm freute sich \u00fcber die Gr\u00fc\u00dfe aus Unterfranken.<\/p>\n","protected":false},"author":1,"featured_media":0,"comment_status":"open","ping_status":"open","sticky":false,"template":"","format":"standard","meta":{"footnotes":""},"categories":[1],"tags":[],"_links":{"self":[{"href":"https:\/\/www.trachtenverband-unterfranken.de\/index.php?rest_route=\/wp\/v2\/posts\/475"}],"collection":[{"href":"https:\/\/www.trachtenverband-unterfranken.de\/index.php?rest_route=\/wp\/v2\/posts"}],"about":[{"href":"https:\/\/www.trachtenverband-unterfranken.de\/index.php?rest_route=\/wp\/v2\/types\/post"}],"author":[{"embeddable":true,"href":"https:\/\/www.trachtenverband-unterfranken.de\/index.php?rest_route=\/wp\/v2\/users\/1"}],"replies":[{"embeddable":true,"href":"https:\/\/www.trachtenverband-unterfranken.de\/index.php?rest_route=%2Fwp%2Fv2%2Fcomments&post=475"}],"version-history":[{"count":0,"href":"https:\/\/www.trachtenverband-unterfranken.de\/index.php?rest_route=\/wp\/v2\/posts\/475\/revisions"}],"wp:attachment":[{"href":"https:\/\/www.trachtenverband-unterfranken.de\/index.php?rest_route=%2Fwp%2Fv2%2Fmedia&parent=475"}],"wp:term":[{"taxonomy":"category","embeddable":true,"href":"https:\/\/www.trachtenverband-unterfranken.de\/index.php?rest_route=%2Fwp%2Fv2%2Fcategories&post=475"},{"taxonomy":"post_tag","embeddable":true,"href":"https:\/\/www.trachtenverband-unterfranken.de\/index.php?rest_route=%2Fwp%2Fv2%2Ftags&post=475"}],"curies":[{"name":"wp","href":"https:\/\/api.w.org\/{rel}","templated":true}]}}