{"id":4763,"date":"2017-10-08T08:21:53","date_gmt":"2017-10-08T06:21:53","guid":{"rendered":"http:\/\/www.trachtenverband-unterfranken.de\/?p=4763"},"modified":"2017-10-08T08:21:53","modified_gmt":"2017-10-08T06:21:53","slug":"hochzeits-ausstellung-in-holzhausen-07-08-10-2017","status":"publish","type":"post","link":"https:\/\/www.trachtenverband-unterfranken.de\/?p=4763","title":{"rendered":"Hochzeits-Ausstellung in Holzhausen 07.-08.10.2017"},"content":{"rendered":"<p>\u201e<span style=\"font-size: 12.0pt;\">Richtig g\u00b4heirat, richtig g\u00b4feiert\u201c \u2013 so lautete das Motto der ersten Hochzeits-Ausstellung im Trachtenkulturzentrum des Bayerischen Trachtenverbandes im niederbayerischen Holzhausen (Gemeinde Geisenhausen) am Wochenende im Augustiner Stadl vom &#8222;Trachten und Kulturzentrum. Viele interessierte Besucher, Jung und Alt, Frauen und M\u00e4nner, Trachtler, Musikanten und Paare suchten an den beiden Tagen diese wissenswerte Ausstellung auf um eventuelle Anregungen zur Planung ihrer Hochzeit, silbernen oder sogar golderne Hochzeit. Die Anregungen, Erinnerungen und vielf\u00e4ltig pr\u00e4sentierten Feinheiten wurden vom Sachgebiet Mundart-Brauchtum-Laienspiel in m\u00fchevoller Kleinarbeit und in rund eineinhalbj\u00e4hriger Vorbereitungszeit zusammengestellt. Am Wochenende standen in Holzhausen auch Geistliche (beider Konfessionen) Hochzeitslader, Brauchtumswarte und eine Trachtenschneiderin beratend zur Seite. F\u00fcr ein entsprechendes Rahmenprogramm und f\u00fcr kulinarische Verk\u00f6stigung war ebenfalls gesorgt. Eine rundum gelungene Veranstaltung. Die ganz und gar besondere Ausstellung wurde vom Sachgebiet Mundart-Brauchtum-Laienspiel vom Bayerischen Trachtenverband in eineinhalb Jahren gut vorbereitet, wof\u00fcr Landesvorsitzender Max Bertl -als einer der Hochzeitslader &#8211; dem Sachgebietsvorsitzendem Walter Sirchund all seinen vielen und flei\u00dfigen Helferinnen und Helfern auf das herzlichste dankte. Die Ausstellung &#8222;Richtig g\u00b4heirat, richtig g\u00b4feiert&#8220; ist am Sonntag, 8. Oktober nochmals von 10 Uhr bis 17 Uhr zu sehen.<\/span><\/p>\n<p>Anton H\u00f6tzelsperger<\/p>\n<p><a href=\"https:\/\/www.trachtenverband-unterfranken.de\/wp-content\/uploads\/2017\/10\/kl-2X5A1334.jpg\"><img loading=\"lazy\" decoding=\"async\" class=\"alignleft size-medium wp-image-4759\" src=\"https:\/\/www.trachtenverband-unterfranken.de\/wp-content\/uploads\/2017\/10\/kl-2X5A1334-200x300.jpg\" alt=\"\" width=\"200\" height=\"300\" srcset=\"https:\/\/www.trachtenverband-unterfranken.de\/wp-content\/uploads\/2017\/10\/kl-2X5A1334-200x300.jpg 200w, https:\/\/www.trachtenverband-unterfranken.de\/wp-content\/uploads\/2017\/10\/kl-2X5A1334.jpg 333w\" sizes=\"(max-width: 200px) 100vw, 200px\" \/><\/a> <a href=\"https:\/\/www.trachtenverband-unterfranken.de\/wp-content\/uploads\/2017\/10\/kl-2X5A1381.jpg\"><img loading=\"lazy\" decoding=\"async\" class=\"alignleft size-medium wp-image-4762\" src=\"https:\/\/www.trachtenverband-unterfranken.de\/wp-content\/uploads\/2017\/10\/kl-2X5A1381-300x200.jpg\" alt=\"\" width=\"300\" height=\"200\" srcset=\"https:\/\/www.trachtenverband-unterfranken.de\/wp-content\/uploads\/2017\/10\/kl-2X5A1381-300x200.jpg 300w, https:\/\/www.trachtenverband-unterfranken.de\/wp-content\/uploads\/2017\/10\/kl-2X5A1381.jpg 750w\" sizes=\"(max-width: 300px) 100vw, 300px\" \/><\/a> <a href=\"https:\/\/www.trachtenverband-unterfranken.de\/wp-content\/uploads\/2017\/10\/kl-2X5A1342.jpg\"><img loading=\"lazy\" decoding=\"async\" class=\"alignleft size-medium wp-image-4761\" src=\"https:\/\/www.trachtenverband-unterfranken.de\/wp-content\/uploads\/2017\/10\/kl-2X5A1342-200x300.jpg\" alt=\"\" width=\"200\" height=\"300\" srcset=\"https:\/\/www.trachtenverband-unterfranken.de\/wp-content\/uploads\/2017\/10\/kl-2X5A1342-200x300.jpg 200w, https:\/\/www.trachtenverband-unterfranken.de\/wp-content\/uploads\/2017\/10\/kl-2X5A1342.jpg 333w\" sizes=\"(max-width: 200px) 100vw, 200px\" \/><\/a> <a href=\"https:\/\/www.trachtenverband-unterfranken.de\/wp-content\/uploads\/2017\/10\/kl-2X5A1338.jpg\"><img loading=\"lazy\" decoding=\"async\" class=\"alignleft size-medium wp-image-4760\" src=\"https:\/\/www.trachtenverband-unterfranken.de\/wp-content\/uploads\/2017\/10\/kl-2X5A1338-200x300.jpg\" alt=\"\" width=\"200\" height=\"300\" srcset=\"https:\/\/www.trachtenverband-unterfranken.de\/wp-content\/uploads\/2017\/10\/kl-2X5A1338-200x300.jpg 200w, https:\/\/www.trachtenverband-unterfranken.de\/wp-content\/uploads\/2017\/10\/kl-2X5A1338.jpg 333w\" sizes=\"(max-width: 200px) 100vw, 200px\" \/><\/a> <a href=\"https:\/\/www.trachtenverband-unterfranken.de\/wp-content\/uploads\/2017\/10\/kl-2X5A1315.jpg\"><img loading=\"lazy\" decoding=\"async\" class=\"alignleft size-medium wp-image-4758\" src=\"https:\/\/www.trachtenverband-unterfranken.de\/wp-content\/uploads\/2017\/10\/kl-2X5A1315-300x200.jpg\" alt=\"\" width=\"300\" height=\"200\" srcset=\"https:\/\/www.trachtenverband-unterfranken.de\/wp-content\/uploads\/2017\/10\/kl-2X5A1315-300x200.jpg 300w, https:\/\/www.trachtenverband-unterfranken.de\/wp-content\/uploads\/2017\/10\/kl-2X5A1315.jpg 750w\" sizes=\"(max-width: 300px) 100vw, 300px\" \/><\/a> <a href=\"https:\/\/www.trachtenverband-unterfranken.de\/wp-content\/uploads\/2017\/10\/kl-2X5A1308.jpg\"><img loading=\"lazy\" decoding=\"async\" class=\"alignleft size-medium wp-image-4757\" src=\"https:\/\/www.trachtenverband-unterfranken.de\/wp-content\/uploads\/2017\/10\/kl-2X5A1308-300x200.jpg\" alt=\"\" width=\"300\" height=\"200\" srcset=\"https:\/\/www.trachtenverband-unterfranken.de\/wp-content\/uploads\/2017\/10\/kl-2X5A1308-300x200.jpg 300w, https:\/\/www.trachtenverband-unterfranken.de\/wp-content\/uploads\/2017\/10\/kl-2X5A1308.jpg 750w\" sizes=\"(max-width: 300px) 100vw, 300px\" \/><\/a> <a href=\"https:\/\/www.trachtenverband-unterfranken.de\/wp-content\/uploads\/2017\/10\/kl-2X5A1290.jpg\"><img loading=\"lazy\" decoding=\"async\" class=\"alignleft size-medium wp-image-4756\" src=\"https:\/\/www.trachtenverband-unterfranken.de\/wp-content\/uploads\/2017\/10\/kl-2X5A1290-300x200.jpg\" alt=\"\" width=\"300\" height=\"200\" srcset=\"https:\/\/www.trachtenverband-unterfranken.de\/wp-content\/uploads\/2017\/10\/kl-2X5A1290-300x200.jpg 300w, https:\/\/www.trachtenverband-unterfranken.de\/wp-content\/uploads\/2017\/10\/kl-2X5A1290.jpg 750w\" sizes=\"(max-width: 300px) 100vw, 300px\" \/><\/a> <a href=\"https:\/\/www.trachtenverband-unterfranken.de\/wp-content\/uploads\/2017\/09\/2017-10-08-Hochzeitsausstellung-in-Holzhausen.jpg\"><img loading=\"lazy\" decoding=\"async\" class=\"alignleft size-medium wp-image-4752\" src=\"https:\/\/www.trachtenverband-unterfranken.de\/wp-content\/uploads\/2017\/09\/2017-10-08-Hochzeitsausstellung-in-Holzhausen-182x300.jpg\" alt=\"\" width=\"182\" height=\"300\" srcset=\"https:\/\/www.trachtenverband-unterfranken.de\/wp-content\/uploads\/2017\/09\/2017-10-08-Hochzeitsausstellung-in-Holzhausen-182x300.jpg 182w, https:\/\/www.trachtenverband-unterfranken.de\/wp-content\/uploads\/2017\/09\/2017-10-08-Hochzeitsausstellung-in-Holzhausen.jpg 304w\" sizes=\"(max-width: 182px) 100vw, 182px\" \/><\/a><\/p>\n<p>&nbsp;<\/p>\n<p>&nbsp;<\/p>\n<p>&nbsp;<\/p>\n<p><a href=\"https:\/\/www.trachtenverband-unterfranken.de\/wp-content\/uploads\/2017\/09\/Ladspruch-f\u00fcr-Einladung.pdf\">Ladspruch f\u00fcr Einladung<\/a> <a href=\"https:\/\/www.trachtenverband-unterfranken.de\/wp-content\/uploads\/2017\/09\/17-1049-Plakat-richtig-gheirat-1.pdf\">17-1049 Plakat richtig gheirat (1)<\/a><\/p>\n<p>&nbsp;<\/p>\n<p>Fotos: Hans Kronseder<\/p>\n","protected":false},"excerpt":{"rendered":"<p>\u201eRichtig g\u00b4heirat, richtig g\u00b4feiert\u201c \u2013 so lautete das Motto der ersten Hochzeits-Ausstellung im Trachtenkulturzentrum des Bayerischen Trachtenverbandes im niederbayerischen Holzhausen (Gemeinde Geisenhausen) am Wochenende im Augustiner Stadl vom &#8222;Trachten und Kulturzentrum. Viele interessierte Besucher, Jung und Alt, Frauen und M\u00e4nner, Trachtler, Musikanten und Paare suchten an den beiden Tagen diese wissenswerte Ausstellung auf um eventuelle &hellip; <a href=\"https:\/\/www.trachtenverband-unterfranken.de\/?p=4763\" class=\"more-link\"><span class=\"screen-reader-text\">Hochzeits-Ausstellung in Holzhausen 07.-08.10.2017<\/span> weiterlesen<\/a><\/p>\n","protected":false},"author":2,"featured_media":0,"comment_status":"closed","ping_status":"closed","sticky":false,"template":"","format":"standard","meta":{"footnotes":""},"categories":[1,74,9,14],"tags":[],"_links":{"self":[{"href":"https:\/\/www.trachtenverband-unterfranken.de\/index.php?rest_route=\/wp\/v2\/posts\/4763"}],"collection":[{"href":"https:\/\/www.trachtenverband-unterfranken.de\/index.php?rest_route=\/wp\/v2\/posts"}],"about":[{"href":"https:\/\/www.trachtenverband-unterfranken.de\/index.php?rest_route=\/wp\/v2\/types\/post"}],"author":[{"embeddable":true,"href":"https:\/\/www.trachtenverband-unterfranken.de\/index.php?rest_route=\/wp\/v2\/users\/2"}],"replies":[{"embeddable":true,"href":"https:\/\/www.trachtenverband-unterfranken.de\/index.php?rest_route=%2Fwp%2Fv2%2Fcomments&post=4763"}],"version-history":[{"count":3,"href":"https:\/\/www.trachtenverband-unterfranken.de\/index.php?rest_route=\/wp\/v2\/posts\/4763\/revisions"}],"predecessor-version":[{"id":4766,"href":"https:\/\/www.trachtenverband-unterfranken.de\/index.php?rest_route=\/wp\/v2\/posts\/4763\/revisions\/4766"}],"wp:attachment":[{"href":"https:\/\/www.trachtenverband-unterfranken.de\/index.php?rest_route=%2Fwp%2Fv2%2Fmedia&parent=4763"}],"wp:term":[{"taxonomy":"category","embeddable":true,"href":"https:\/\/www.trachtenverband-unterfranken.de\/index.php?rest_route=%2Fwp%2Fv2%2Fcategories&post=4763"},{"taxonomy":"post_tag","embeddable":true,"href":"https:\/\/www.trachtenverband-unterfranken.de\/index.php?rest_route=%2Fwp%2Fv2%2Ftags&post=4763"}],"curies":[{"name":"wp","href":"https:\/\/api.w.org\/{rel}","templated":true}]}}