{"id":4788,"date":"2017-11-05T19:56:06","date_gmt":"2017-11-05T18:56:06","guid":{"rendered":"http:\/\/www.trachtenverband-unterfranken.de\/?p=4788"},"modified":"2017-11-05T19:56:06","modified_gmt":"2017-11-05T18:56:06","slug":"roethleiner-ehrenmitglied-albert-hofmann-verstorben","status":"publish","type":"post","link":"https:\/\/www.trachtenverband-unterfranken.de\/?p=4788","title":{"rendered":"R\u00f6thleiner Ehrenmitglied Albert Hofmann verstorben"},"content":{"rendered":"<p>Liebe Trachtenkameraden,<\/p>\n<p>das Ehrenmitglied des Volkstrachtenvereins R\u00f6thlein, Albert Hofmann, ist am 31.10.2017 im Alter von 82 Jahren von uns gegangen. Albert w\u00e4re an der Weihnachtsfeier in diesem Jahr f\u00fcr 60 j\u00e4hrige Mitgliedschaft geehrt worden. Im Jahr 2012 wurde Albert, der \u00fcber viele Jahre hinweg verschiedene Posten in der Vorstandschaft bekleidet hatte, zum Ehrenmitglied ernannt. Die Beisetzung findet am Freitag, den 10. November 2017\u00a0in R\u00f6thlein\u00a0statt. Um 14 Uhr beginnt das Requiem in der Kirche, anschlie\u00dfend Urnenbeisetzung auf dem Friedhof. &#8212;<\/p>\n<p>Maximilian Nunn<\/p>\n<p>Vorsitzender, Volkstrachtenverein R\u00f6thlein e. V., Friedhofstr. 36, 97520 R\u00f6thlein, mail: <a href=\"mailto:vorsitzender@trachtenverein-roethlein.de\">vorsitzender@trachtenverein-roethlein.de<\/a>, Tel. 09720\/2987025, Fax: 09723\/9830561<\/p>\n","protected":false},"excerpt":{"rendered":"<p>Liebe Trachtenkameraden, das Ehrenmitglied des Volkstrachtenvereins R\u00f6thlein, Albert Hofmann, ist am 31.10.2017 im Alter von 82 Jahren von uns gegangen. Albert w\u00e4re an der Weihnachtsfeier in diesem Jahr f\u00fcr 60 j\u00e4hrige Mitgliedschaft geehrt worden. Im Jahr 2012 wurde Albert, der \u00fcber viele Jahre hinweg verschiedene Posten in der Vorstandschaft bekleidet hatte, zum Ehrenmitglied ernannt. Die &hellip; <a href=\"https:\/\/www.trachtenverband-unterfranken.de\/?p=4788\" class=\"more-link\"><span class=\"screen-reader-text\">R\u00f6thleiner Ehrenmitglied Albert Hofmann verstorben<\/span> weiterlesen<\/a><\/p>\n","protected":false},"author":2,"featured_media":0,"comment_status":"closed","ping_status":"closed","sticky":false,"template":"","format":"standard","meta":{"footnotes":""},"categories":[1],"tags":[],"_links":{"self":[{"href":"https:\/\/www.trachtenverband-unterfranken.de\/index.php?rest_route=\/wp\/v2\/posts\/4788"}],"collection":[{"href":"https:\/\/www.trachtenverband-unterfranken.de\/index.php?rest_route=\/wp\/v2\/posts"}],"about":[{"href":"https:\/\/www.trachtenverband-unterfranken.de\/index.php?rest_route=\/wp\/v2\/types\/post"}],"author":[{"embeddable":true,"href":"https:\/\/www.trachtenverband-unterfranken.de\/index.php?rest_route=\/wp\/v2\/users\/2"}],"replies":[{"embeddable":true,"href":"https:\/\/www.trachtenverband-unterfranken.de\/index.php?rest_route=%2Fwp%2Fv2%2Fcomments&post=4788"}],"version-history":[{"count":1,"href":"https:\/\/www.trachtenverband-unterfranken.de\/index.php?rest_route=\/wp\/v2\/posts\/4788\/revisions"}],"predecessor-version":[{"id":4789,"href":"https:\/\/www.trachtenverband-unterfranken.de\/index.php?rest_route=\/wp\/v2\/posts\/4788\/revisions\/4789"}],"wp:attachment":[{"href":"https:\/\/www.trachtenverband-unterfranken.de\/index.php?rest_route=%2Fwp%2Fv2%2Fmedia&parent=4788"}],"wp:term":[{"taxonomy":"category","embeddable":true,"href":"https:\/\/www.trachtenverband-unterfranken.de\/index.php?rest_route=%2Fwp%2Fv2%2Fcategories&post=4788"},{"taxonomy":"post_tag","embeddable":true,"href":"https:\/\/www.trachtenverband-unterfranken.de\/index.php?rest_route=%2Fwp%2Fv2%2Ftags&post=4788"}],"curies":[{"name":"wp","href":"https:\/\/api.w.org\/{rel}","templated":true}]}}