{"id":479,"date":"2009-08-03T10:37:13","date_gmt":"2009-08-03T09:37:13","guid":{"rendered":"http:\/\/trachtenverband-unterfranken.de\/wordpress\/?p=479"},"modified":"2009-08-03T10:37:13","modified_gmt":"2009-08-03T09:37:13","slug":"einladung-jugendleiterschulung-okt-2009","status":"publish","type":"post","link":"https:\/\/www.trachtenverband-unterfranken.de\/?p=479","title":{"rendered":"Einladung Jugendleiterschulung Okt. 2009"},"content":{"rendered":"<p>Hallo liebe Jugendleiter,<br \/>\nHallo an die Vorst\u00e4nde,<\/p>\n<p>beiliegend die  <a href=\"http:\/\/trachtenverband-unterfranken.de\/wordpress\/wp-content\/uploads\/2009\/08\/Einladung-Jugendleiterschulung-Oberelsbach.pdf\" target=\"_blank\">Einladung zur Jugendleiterschulung <\/a>am 17. und 18.10.2009 in<br \/>\nOberelsbach. Wir  werden diese Schulung zusammen mit den Vort\u00e4nzern<br \/>\nveranstalten. Der Wunsch in  der Fr\u00fchjahrsversammlung war es, wiedermal die<br \/>\nT\u00e4nze auch kindgerecht zu  erlernen bzw. wie diese an Kinder und Jugendliche<br \/>\nvermittelt werden k\u00f6nnen.  Zu diesem Thema werden Dieter und Florian am<br \/>\nSamstag die Tanze erkl\u00e4ren,  sowie am Sonntag Steffi Zachmeier.<br \/>\nWir w\u00fcnschen uns eine rege Teilnahme. Bei  Fragen bez\u00fcglich der Veranstaltung<br \/>\nk\u00f6nnt Ihr ich mich gerne anrufen. Ich bin  meistens \u00fcbers Handy 0171-3024491<br \/>\nzu erreichen oder eventuell am Abend ab  20:30 Uhr unter 09721\/608557.<br \/>\nIch bitte um Weiterleitung an die  entsprechenden Sachgebietsleiter, damit<br \/>\ndie Anmeldung termingerecht  vorgenommen werden k\u00f6nnen.<\/p>\n<p>Mit freundlichen Trachtengr\u00fc\u00dfen<\/p>\n<p>Inge  Burkhard-Vatterodt<br \/>\n1. Gaujugendvertreterin<\/p>\n<p><a href=\"http:\/\/trachtenverband-unterfranken.de\/wordpress\/wp-content\/uploads\/2009\/08\/Programm-Oberelsbach.pdf:\/\/\" target=\"_blank\">Programm Oberelsbach runterladen<\/a><\/p>\n","protected":false},"excerpt":{"rendered":"<p>Hallo liebe Jugendleiter, Hallo an die Vorst\u00e4nde, beiliegend die Einladung zur Jugendleiterschulung am 17. und 18.10.2009 in Oberelsbach. Wir werden diese Schulung zusammen mit den Vort\u00e4nzern veranstalten. Der Wunsch in der Fr\u00fchjahrsversammlung war es, wiedermal die T\u00e4nze auch kindgerecht zu erlernen bzw. wie diese an Kinder und Jugendliche vermittelt werden k\u00f6nnen. Zu diesem Thema werden &hellip; <a href=\"https:\/\/www.trachtenverband-unterfranken.de\/?p=479\" class=\"more-link\"><span class=\"screen-reader-text\">Einladung Jugendleiterschulung Okt. 2009<\/span> weiterlesen<\/a><\/p>\n","protected":false},"author":1,"featured_media":0,"comment_status":"open","ping_status":"open","sticky":false,"template":"","format":"standard","meta":{"footnotes":""},"categories":[9],"tags":[],"_links":{"self":[{"href":"https:\/\/www.trachtenverband-unterfranken.de\/index.php?rest_route=\/wp\/v2\/posts\/479"}],"collection":[{"href":"https:\/\/www.trachtenverband-unterfranken.de\/index.php?rest_route=\/wp\/v2\/posts"}],"about":[{"href":"https:\/\/www.trachtenverband-unterfranken.de\/index.php?rest_route=\/wp\/v2\/types\/post"}],"author":[{"embeddable":true,"href":"https:\/\/www.trachtenverband-unterfranken.de\/index.php?rest_route=\/wp\/v2\/users\/1"}],"replies":[{"embeddable":true,"href":"https:\/\/www.trachtenverband-unterfranken.de\/index.php?rest_route=%2Fwp%2Fv2%2Fcomments&post=479"}],"version-history":[{"count":0,"href":"https:\/\/www.trachtenverband-unterfranken.de\/index.php?rest_route=\/wp\/v2\/posts\/479\/revisions"}],"wp:attachment":[{"href":"https:\/\/www.trachtenverband-unterfranken.de\/index.php?rest_route=%2Fwp%2Fv2%2Fmedia&parent=479"}],"wp:term":[{"taxonomy":"category","embeddable":true,"href":"https:\/\/www.trachtenverband-unterfranken.de\/index.php?rest_route=%2Fwp%2Fv2%2Fcategories&post=479"},{"taxonomy":"post_tag","embeddable":true,"href":"https:\/\/www.trachtenverband-unterfranken.de\/index.php?rest_route=%2Fwp%2Fv2%2Ftags&post=479"}],"curies":[{"name":"wp","href":"https:\/\/api.w.org\/{rel}","templated":true}]}}