{"id":4790,"date":"2017-11-05T20:01:31","date_gmt":"2017-11-05T19:01:31","guid":{"rendered":"http:\/\/www.trachtenverband-unterfranken.de\/?p=4790"},"modified":"2017-11-08T19:11:02","modified_gmt":"2017-11-08T18:11:02","slug":"4790","status":"publish","type":"post","link":"https:\/\/www.trachtenverband-unterfranken.de\/?p=4790","title":{"rendered":"Pflichtexemplare abliefern"},"content":{"rendered":"<p><strong>Liabe Gauvorst\u00e4nde und alle Mitglieder des Landesausschusses, <\/strong><\/p>\n<p>wie in der Vergangenheit, erfolgt auch dieses Jahr wieder der Hinweis f\u00fcr alle Vereine, die eine <strong>Festschrift<\/strong> oder <strong>andere Druck-Erzeugnisse<\/strong> erstellt haben, dass sie lt. \u201e<strong>Gesetz \u00fcber die Ablieferung von Pflichtexemplaren<\/strong>\u201c verpflichtet sind,<strong> zwei<\/strong> Exemplare an die Bayerische Staatsbibliothek, <strong>Ludwigstra\u00dfe 16, 80539 M\u00fcnchen <\/strong>zu senden. Dies gilt auch f\u00fcr Gauchroniken und andere Ver\u00f6ffentlichungen (z.B. F\u00e4hnrichheft, Liedheft etc.). Gem\u00e4\u00df o.g. Gesetz hat dies innerhalb von zwei Wochen nach Erscheinen des Texttr\u00e4gers zu erfolgen. Den entsprechenden Gesetzestext habe ich beigef\u00fcgt. <a href=\"https:\/\/www.trachtenverband-unterfranken.de\/wp-content\/uploads\/2017\/11\/Gesetzestext-Pflichtexemplare.pdf\">Gesetzestext Pflichtexemplare<\/a><\/p>\n<p>Falls gew\u00fcnscht wird, dass Festschriften u.a. Druck-Erzeugnisse der Allgemeinheit frei zug\u00e4nglich im Internet (Seite der Staatsbibliothek) zur Verf\u00fcgung gestellt werden, ist ein Hinweis an die Staatsbibliothek erforderlich, dass <em>Einverst\u00e4ndnis mit der <u>Digitalisierung<\/u><\/em> besteht. Dazu muss aber auch die Genehmigung der abgebildeten Personen vorliegen \u2013 was ned immer ganz einfach ist und einen erheblichen Aufwand bedeutet. F\u00fcr das Archiv des Bayerischen Trachtenverbandes in Holzhausen m\u00fcssen zwar keine &#8222;Pflicht&#8220;-Exemplare abgeliefert werden, dennoch w\u00fcrden sich bestimmt auch nachfolgende Generationen freuen, wenn hierf\u00fcr ebenso eine Ausgabe jeder Ver\u00f6ffentlichung zur Verf\u00fcgung gestellt werden w\u00fcrde um somit den eigenen Bestand laufend zu erweitern. Gerne \u00fcbernehmen die Vorstandsmitglieder des Verbandes bzw. die Gesch\u00e4ftsstelle in Holzhausen die Weiterleitung an die Staatsbibliothek. Ernst Schusser vom Volksmusikarchiv, hat mitgeteilt, dass sich auch das VMA \u00fcber Zusendungen (ggf. auf Rechnung) von Festschriften und anderen Druckerzeugnissen der Vereine freuen w\u00fcrde. Die Publikationen werden beim VMA gelesen und in die Bibliothek eingestellt.<\/p>\n<p>Die Adresse lautet: Volksmusikarchiv des Bezirks Oberbayern, Krankenhausweg 39, 83059 Bruckm\u00fchl<\/p>\n<p>Scheena Grua\u00df<\/p>\n<p>Hildegard Hoffmann<\/p>\n<p>Landesschriftf\u00fchrerin<\/p>\n<p>Bay. Trachtenverband<\/p>\n<p>&nbsp;<\/p>\n<p>&nbsp;<\/p>\n","protected":false},"excerpt":{"rendered":"<p>Liabe Gauvorst\u00e4nde und alle Mitglieder des Landesausschusses, wie in der Vergangenheit, erfolgt auch dieses Jahr wieder der Hinweis f\u00fcr alle Vereine, die eine Festschrift oder andere Druck-Erzeugnisse erstellt haben, dass sie lt. \u201eGesetz \u00fcber die Ablieferung von Pflichtexemplaren\u201c verpflichtet sind, zwei Exemplare an die Bayerische Staatsbibliothek, Ludwigstra\u00dfe 16, 80539 M\u00fcnchen zu senden. Dies gilt auch &hellip; <a href=\"https:\/\/www.trachtenverband-unterfranken.de\/?p=4790\" class=\"more-link\"><span class=\"screen-reader-text\">Pflichtexemplare abliefern<\/span> weiterlesen<\/a><\/p>\n","protected":false},"author":2,"featured_media":0,"comment_status":"closed","ping_status":"closed","sticky":false,"template":"","format":"standard","meta":{"footnotes":""},"categories":[1,74],"tags":[],"_links":{"self":[{"href":"https:\/\/www.trachtenverband-unterfranken.de\/index.php?rest_route=\/wp\/v2\/posts\/4790"}],"collection":[{"href":"https:\/\/www.trachtenverband-unterfranken.de\/index.php?rest_route=\/wp\/v2\/posts"}],"about":[{"href":"https:\/\/www.trachtenverband-unterfranken.de\/index.php?rest_route=\/wp\/v2\/types\/post"}],"author":[{"embeddable":true,"href":"https:\/\/www.trachtenverband-unterfranken.de\/index.php?rest_route=\/wp\/v2\/users\/2"}],"replies":[{"embeddable":true,"href":"https:\/\/www.trachtenverband-unterfranken.de\/index.php?rest_route=%2Fwp%2Fv2%2Fcomments&post=4790"}],"version-history":[{"count":2,"href":"https:\/\/www.trachtenverband-unterfranken.de\/index.php?rest_route=\/wp\/v2\/posts\/4790\/revisions"}],"predecessor-version":[{"id":4793,"href":"https:\/\/www.trachtenverband-unterfranken.de\/index.php?rest_route=\/wp\/v2\/posts\/4790\/revisions\/4793"}],"wp:attachment":[{"href":"https:\/\/www.trachtenverband-unterfranken.de\/index.php?rest_route=%2Fwp%2Fv2%2Fmedia&parent=4790"}],"wp:term":[{"taxonomy":"category","embeddable":true,"href":"https:\/\/www.trachtenverband-unterfranken.de\/index.php?rest_route=%2Fwp%2Fv2%2Fcategories&post=4790"},{"taxonomy":"post_tag","embeddable":true,"href":"https:\/\/www.trachtenverband-unterfranken.de\/index.php?rest_route=%2Fwp%2Fv2%2Ftags&post=4790"}],"curies":[{"name":"wp","href":"https:\/\/api.w.org\/{rel}","templated":true}]}}