{"id":4796,"date":"2017-11-15T21:22:30","date_gmt":"2017-11-15T20:22:30","guid":{"rendered":"http:\/\/www.trachtenverband-unterfranken.de\/?p=4796"},"modified":"2017-11-15T21:22:30","modified_gmt":"2017-11-15T20:22:30","slug":"dieter-muthig-vom-trachtenverein-burgsinn-verstorben","status":"publish","type":"post","link":"https:\/\/www.trachtenverband-unterfranken.de\/?p=4796","title":{"rendered":"Dieter Muthig vom Trachtenverein Burgsinn verstorben"},"content":{"rendered":"<p>Unendlich traurig nehmen wir Abschied von unserem Trachtenkameraden Dieter Muthig. Viel zu fr\u00fch ist er am 13. November 2017 im Alter von nur 54 Jahren verstorben. Wir verlieren mit ihm ein \u00fcberaus treues Mitglied. Egal zu welchem Anlass, auf ihn war immer Verlass! Ob es um Auftritte oder Helfereins\u00e4tze ging, wir konnten immer auf ihn z\u00e4hlen. Seit er 1987 dem Verein beigetreten ist war er immer aktiv. Seine ganze Familie war fester Bestandteil der Gruppe. Seine ruhige und ausgleichende Art wurde von allen gesch\u00e4tzt. Sein verschmitztes L\u00e4cheln und sein markanter Lacher werden uns sehr fehlen. Trotz seiner schweren Krankheit hat er so oft es ging an den Vereinsveranstaltungen teilgenommen. Noch im Oktober hat er beim \u00dcbungsabend getanzt. Mit seiner Frau Astrid hat er an vielen Europeaden und Trachtenfesten teilgenommen. Wir w\u00fcnschen Astrid und den Kindern viel Kraft in dieser schweren Zeit. Lieber Dieter wir werden uns immer an dich erinnern, in unseren Herzen wirst du immer bei uns sein.<\/p>\n<p>Volkstanz- und Trachtengruppe Burgsinn e.V., Vorsitzender Erich Wolf, Kreuzstra\u00dfe 5 a, 97775 Burgsinn<\/p>\n<p>&nbsp;<\/p>\n","protected":false},"excerpt":{"rendered":"<p>Unendlich traurig nehmen wir Abschied von unserem Trachtenkameraden Dieter Muthig. Viel zu fr\u00fch ist er am 13. November 2017 im Alter von nur 54 Jahren verstorben. Wir verlieren mit ihm ein \u00fcberaus treues Mitglied. Egal zu welchem Anlass, auf ihn war immer Verlass! Ob es um Auftritte oder Helfereins\u00e4tze ging, wir konnten immer auf ihn &hellip; <a href=\"https:\/\/www.trachtenverband-unterfranken.de\/?p=4796\" class=\"more-link\"><span class=\"screen-reader-text\">Dieter Muthig vom Trachtenverein Burgsinn verstorben<\/span> weiterlesen<\/a><\/p>\n","protected":false},"author":2,"featured_media":0,"comment_status":"closed","ping_status":"closed","sticky":false,"template":"","format":"standard","meta":{"footnotes":""},"categories":[1],"tags":[],"_links":{"self":[{"href":"https:\/\/www.trachtenverband-unterfranken.de\/index.php?rest_route=\/wp\/v2\/posts\/4796"}],"collection":[{"href":"https:\/\/www.trachtenverband-unterfranken.de\/index.php?rest_route=\/wp\/v2\/posts"}],"about":[{"href":"https:\/\/www.trachtenverband-unterfranken.de\/index.php?rest_route=\/wp\/v2\/types\/post"}],"author":[{"embeddable":true,"href":"https:\/\/www.trachtenverband-unterfranken.de\/index.php?rest_route=\/wp\/v2\/users\/2"}],"replies":[{"embeddable":true,"href":"https:\/\/www.trachtenverband-unterfranken.de\/index.php?rest_route=%2Fwp%2Fv2%2Fcomments&post=4796"}],"version-history":[{"count":1,"href":"https:\/\/www.trachtenverband-unterfranken.de\/index.php?rest_route=\/wp\/v2\/posts\/4796\/revisions"}],"predecessor-version":[{"id":4797,"href":"https:\/\/www.trachtenverband-unterfranken.de\/index.php?rest_route=\/wp\/v2\/posts\/4796\/revisions\/4797"}],"wp:attachment":[{"href":"https:\/\/www.trachtenverband-unterfranken.de\/index.php?rest_route=%2Fwp%2Fv2%2Fmedia&parent=4796"}],"wp:term":[{"taxonomy":"category","embeddable":true,"href":"https:\/\/www.trachtenverband-unterfranken.de\/index.php?rest_route=%2Fwp%2Fv2%2Fcategories&post=4796"},{"taxonomy":"post_tag","embeddable":true,"href":"https:\/\/www.trachtenverband-unterfranken.de\/index.php?rest_route=%2Fwp%2Fv2%2Ftags&post=4796"}],"curies":[{"name":"wp","href":"https:\/\/api.w.org\/{rel}","templated":true}]}}