{"id":4798,"date":"2017-11-15T21:41:57","date_gmt":"2017-11-15T20:41:57","guid":{"rendered":"http:\/\/www.trachtenverband-unterfranken.de\/?p=4798"},"modified":"2017-11-15T21:41:57","modified_gmt":"2017-11-15T20:41:57","slug":"22-09-18-ebenhaeuser-trachtenverein-wird-30","status":"publish","type":"post","link":"https:\/\/www.trachtenverband-unterfranken.de\/?p=4798","title":{"rendered":"22.09.18 Ebenh\u00e4user Trachtenverein wird 30"},"content":{"rendered":"<p>Gr\u00fc\u00df Gott Olli,<\/p>\n<p>die Trachten- und Trachtentanzgruppe Ebenhausen e.V. wurde 1988 gegr\u00fcndet und hat somit 2018 ihr 30-j\u00e4hriges Jubil\u00e4um. Diesbez\u00fcglich veranstalten wir am Sa, 22.09.18 um\u00a019:00 Uhr in der Turnhalle in Ebenhausen einen Heimatabend. Es w\u00e4re super, wenn du\u00a0diesen Termin \u00fcber die Gauseite ver\u00f6ffentlichen k\u00f6nntst.<\/p>\n<p>Viele Gr\u00fc\u00dfe aus Ebenhausen<\/p>\n<p>Theresa Berchtold<\/p>\n<p>Jugendleiterin<\/p>\n","protected":false},"excerpt":{"rendered":"<p>Gr\u00fc\u00df Gott Olli, die Trachten- und Trachtentanzgruppe Ebenhausen e.V. wurde 1988 gegr\u00fcndet und hat somit 2018 ihr 30-j\u00e4hriges Jubil\u00e4um. Diesbez\u00fcglich veranstalten wir am Sa, 22.09.18 um\u00a019:00 Uhr in der Turnhalle in Ebenhausen einen Heimatabend. Es w\u00e4re super, wenn du\u00a0diesen Termin \u00fcber die Gauseite ver\u00f6ffentlichen k\u00f6nntst. Viele Gr\u00fc\u00dfe aus Ebenhausen Theresa Berchtold Jugendleiterin<\/p>\n","protected":false},"author":2,"featured_media":0,"comment_status":"closed","ping_status":"closed","sticky":false,"template":"","format":"standard","meta":{"footnotes":""},"categories":[9],"tags":[],"_links":{"self":[{"href":"https:\/\/www.trachtenverband-unterfranken.de\/index.php?rest_route=\/wp\/v2\/posts\/4798"}],"collection":[{"href":"https:\/\/www.trachtenverband-unterfranken.de\/index.php?rest_route=\/wp\/v2\/posts"}],"about":[{"href":"https:\/\/www.trachtenverband-unterfranken.de\/index.php?rest_route=\/wp\/v2\/types\/post"}],"author":[{"embeddable":true,"href":"https:\/\/www.trachtenverband-unterfranken.de\/index.php?rest_route=\/wp\/v2\/users\/2"}],"replies":[{"embeddable":true,"href":"https:\/\/www.trachtenverband-unterfranken.de\/index.php?rest_route=%2Fwp%2Fv2%2Fcomments&post=4798"}],"version-history":[{"count":1,"href":"https:\/\/www.trachtenverband-unterfranken.de\/index.php?rest_route=\/wp\/v2\/posts\/4798\/revisions"}],"predecessor-version":[{"id":4799,"href":"https:\/\/www.trachtenverband-unterfranken.de\/index.php?rest_route=\/wp\/v2\/posts\/4798\/revisions\/4799"}],"wp:attachment":[{"href":"https:\/\/www.trachtenverband-unterfranken.de\/index.php?rest_route=%2Fwp%2Fv2%2Fmedia&parent=4798"}],"wp:term":[{"taxonomy":"category","embeddable":true,"href":"https:\/\/www.trachtenverband-unterfranken.de\/index.php?rest_route=%2Fwp%2Fv2%2Fcategories&post=4798"},{"taxonomy":"post_tag","embeddable":true,"href":"https:\/\/www.trachtenverband-unterfranken.de\/index.php?rest_route=%2Fwp%2Fv2%2Ftags&post=4798"}],"curies":[{"name":"wp","href":"https:\/\/api.w.org\/{rel}","templated":true}]}}