{"id":481,"date":"2009-08-03T10:38:46","date_gmt":"2009-08-03T09:38:46","guid":{"rendered":"http:\/\/trachtenverband-unterfranken.de\/wordpress\/?p=481"},"modified":"2009-08-03T10:38:46","modified_gmt":"2009-08-03T09:38:46","slug":"veranstaltung-zur-deutschen-schreibschrift","status":"publish","type":"post","link":"https:\/\/www.trachtenverband-unterfranken.de\/?p=481","title":{"rendered":"Veranstaltung zur deutschen Schreibschrift"},"content":{"rendered":"<p><strong>Neuer Termin:  16.1.2010<\/strong>;<\/p>\n<p>Deutsche  Schreibschrift<\/p>\n<p>Erlernen bzw.  Auffrischen der Deutschen Schreibschrift oder auch Deutsche  Kurrent.<br \/>\nDiese in ihrer Eleganz  und Geradlinigkeit sehr gleichm\u00e4\u00dfig und \u00e4sthetisch wirkende Schrift wurde fr\u00fcher  in der Schule, in Kanzleien, Amtsstuben, Pfarr\u00e4mtern usw. geschrieben und 1941  verboten. Nach 1945\u00a0 setzte sich die sog. Lateinische Schrift durch. Die Folge  ist, dass die deutsche\u00a0 Schrift ausstirbt und alte Briefe, Omas Rezepte,  Dokumente, Katasterausz\u00fcge, Pfarrbucheintragungen usw. kaum noch gelesen werden  k\u00f6nnen.<\/p>\n<p>Damit diese Schrift  nicht ganz in Vergessenheit ger\u00e4t, wird sie mittlerweile von einigen Kalligrafen  wieder gelehrt. Im \u00fcbrigen ist diese Schrift durch ihre gleichm\u00e4\u00dfige  Strichf\u00fchrung hervorragend f\u00fcr den Einstieg in das kalligrafische Schreiben  geeignet.<\/p>\n<p>Wer hat, folgendes  Material mitbringen: alte Texte in deutscher Schrift (Briefe, Familienb\u00fccher,  etc.), schwarze Tinte, evtl. Winkellineale. Federn und Federhalter k\u00f6nnen  geliehen oder erworben werden. F\u00fcr das Scriptum (Schriftvorlagen und  \u00dcbungsbl\u00e4tter) werden 15,00 EUR Materialgeld erhoben.<\/p>\n<p>Kursleiter: Gosbert  Stark, Grafik-Designer und Kalligraf, Mitglied in der Schreibwerkstatt Klingspor  und bei Ars Scribendi.<\/p>\n<p>In Zusammenarbeit mit  dem Verein f\u00fcr Heimat- und Brauchtumspflege.<\/p>\n<p>Gosbert  Stark<br \/>\nSa 16.1., 9-12 und  13-17:45 Uhr Geldersheim<br \/>\nIn den  Gaden (neben der Kirche)<br \/>\nKurs-Nr. GH10\u00a0\u00a0 \u00a0\u00a0\u00a0\u00a0\u00a0\u00a0\u00a0  22,50 \u20ac<\/p>\n<p>Mit  freundlichen Gr\u00fc\u00dfen<br \/>\nGudrun Schmitt<\/p>\n<p>Stadt SCHWEINFURT &#8211; Zukunft findet  Stadt.<\/p>\n<p>Volkshochschule<\/p>\n<p>Markt 1<br \/>\n97421  Schweinfurt<br \/>\n<a href=\"file:\/\/\/\/\/www.schweinfurt.de\">www.schweinfurt.de<\/a><\/p>\n<p><strong>Gudrun  Schmitt<\/strong><br \/>\nGesch\u00e4ftszeichen:\u00a0\u00a0\u00a0\u00a0\u00a0\u00a0  4145<br \/>\nGeb\u00e4ude:\u00a0\u00a0\u00a0\u00a0\u00a0\u00a0\u00a0 \u00a0\u00a0\u00a0\u00a0\u00a0\u00a0\u00a0  Rathaus<br \/>\nZimmer-Nr.:\u00a0\u00a0\u00a0\u00a0 \u00a0\u00a0\u00a0\u00a0\u00a0\u00a0\u00a0  103<br \/>\nTelefon:\u00a0\u00a0\u00a0\u00a0\u00a0\u00a0\u00a0 \u00a0\u00a0\u00a0\u00a0\u00a0\u00a0\u00a0 \u00a0\u00a0\u00a0\u00a0\u00a0\u00a0\u00a0 (0  97 21) 51-546<br \/>\nTelefax:\u00a0\u00a0\u00a0\u00a0\u00a0\u00a0\u00a0 \u00a0\u00a0\u00a0\u00a0\u00a0\u00a0\u00a0 \u00a0\u00a0\u00a0\u00a0\u00a0\u00a0\u00a0 (0  97 21) 51-623<br \/>\nEmail:\u00a0\u00a0\u00a0\u00a0\u00a0\u00a0\u00a0\u00a0\u00a0\u00a0\u00a0\u00a0\u00a0\u00a0\u00a0\u00a0\u00a0\u00a0\u00a0\u00a0\u00a0\u00a0\u00a0\u00a0\u00a0\u00a0\u00a0 gudrun.schmitt@schweinfurt.de<\/p>\n","protected":false},"excerpt":{"rendered":"<p>Neuer Termin: 16.1.2010; Deutsche Schreibschrift Erlernen bzw. Auffrischen der Deutschen Schreibschrift oder auch Deutsche Kurrent. Diese in ihrer Eleganz und Geradlinigkeit sehr gleichm\u00e4\u00dfig und \u00e4sthetisch wirkende Schrift wurde fr\u00fcher in der Schule, in Kanzleien, Amtsstuben, Pfarr\u00e4mtern usw. geschrieben und 1941 verboten. Nach 1945\u00a0 setzte sich die sog. Lateinische Schrift durch. Die Folge ist, dass die &hellip; <a href=\"https:\/\/www.trachtenverband-unterfranken.de\/?p=481\" class=\"more-link\"><span class=\"screen-reader-text\">Veranstaltung zur deutschen Schreibschrift<\/span> weiterlesen<\/a><\/p>\n","protected":false},"author":1,"featured_media":0,"comment_status":"open","ping_status":"open","sticky":false,"template":"","format":"standard","meta":{"footnotes":""},"categories":[9],"tags":[],"_links":{"self":[{"href":"https:\/\/www.trachtenverband-unterfranken.de\/index.php?rest_route=\/wp\/v2\/posts\/481"}],"collection":[{"href":"https:\/\/www.trachtenverband-unterfranken.de\/index.php?rest_route=\/wp\/v2\/posts"}],"about":[{"href":"https:\/\/www.trachtenverband-unterfranken.de\/index.php?rest_route=\/wp\/v2\/types\/post"}],"author":[{"embeddable":true,"href":"https:\/\/www.trachtenverband-unterfranken.de\/index.php?rest_route=\/wp\/v2\/users\/1"}],"replies":[{"embeddable":true,"href":"https:\/\/www.trachtenverband-unterfranken.de\/index.php?rest_route=%2Fwp%2Fv2%2Fcomments&post=481"}],"version-history":[{"count":0,"href":"https:\/\/www.trachtenverband-unterfranken.de\/index.php?rest_route=\/wp\/v2\/posts\/481\/revisions"}],"wp:attachment":[{"href":"https:\/\/www.trachtenverband-unterfranken.de\/index.php?rest_route=%2Fwp%2Fv2%2Fmedia&parent=481"}],"wp:term":[{"taxonomy":"category","embeddable":true,"href":"https:\/\/www.trachtenverband-unterfranken.de\/index.php?rest_route=%2Fwp%2Fv2%2Fcategories&post=481"},{"taxonomy":"post_tag","embeddable":true,"href":"https:\/\/www.trachtenverband-unterfranken.de\/index.php?rest_route=%2Fwp%2Fv2%2Ftags&post=481"}],"curies":[{"name":"wp","href":"https:\/\/api.w.org\/{rel}","templated":true}]}}