{"id":4811,"date":"2017-11-29T13:37:36","date_gmt":"2017-11-29T12:37:36","guid":{"rendered":"http:\/\/www.trachtenverband-unterfranken.de\/?p=4811"},"modified":"2017-11-29T13:37:36","modified_gmt":"2017-11-29T12:37:36","slug":"galderschummer-kerwa-24-27-12-2017-neues-hammelkoenigspaar","status":"publish","type":"post","link":"https:\/\/www.trachtenverband-unterfranken.de\/?p=4811","title":{"rendered":"Galderschummer Kerwa 24.-27.12.2017 &#8211; Neues Hammelk\u00f6nigspaar"},"content":{"rendered":"<p>Liebe Kirchweihfreunde,<br \/>\nwir haben 4 Tage Galderschummer Kirchweih gefeiert. Es war ein sch\u00f6nes Fest.<\/p>\n<p>Der H\u00f6hepunkt ist immer unser Kirchweihsonntag mit dem Hammeltanz. Hier tanzen wir um den Kirchweihsch\u00e4fer und einen Hammel herum. Dabei wird ein Blumenstrau\u00df herumgereicht. In der Mitte des Kreises steht ein Wecker. Wer den Strau\u00df hat, wenn der Wecker schellt, ist der neue Hammelk\u00f6nig.<\/p>\n<p>Wir gratulieren herzlich unserem neuen Hammelk\u00f6nigspaar Monika und Martin Erhard. Beide sind aktive St\u00fctzen unseres Vereins: Monika ist Schriftf\u00fchrerin und Martin unser Kassier. Sie haben schon viele Jahre auf ihr Gl\u00fcck gewartet. Seit 1990 sind sie jedes Jahr dabei und heuer hat es geklappt. Herzlichen Gl\u00fcckwunsch den beiden.<\/p>\n<p>Mit freundlichen Gr\u00fc\u00dfen Oliver Brust Tanzleiter des Verein f\u00fcr Heimat- u. Brauchtumspflege Geldersheim e.V.<\/p>\n<p><img loading=\"lazy\" decoding=\"async\" class=\"wp-image-4819 size-medium aligncenter\" src=\"https:\/\/www.trachtenverband-unterfranken.de\/wp-content\/uploads\/2017\/11\/Hammelpaar-Kerwa-2017-2-300x225.jpg\" alt=\"\" width=\"300\" height=\"225\" srcset=\"https:\/\/www.trachtenverband-unterfranken.de\/wp-content\/uploads\/2017\/11\/Hammelpaar-Kerwa-2017-2-300x225.jpg 300w, https:\/\/www.trachtenverband-unterfranken.de\/wp-content\/uploads\/2017\/11\/Hammelpaar-Kerwa-2017-2.jpg 667w\" sizes=\"(max-width: 300px) 100vw, 300px\" \/><\/p>\n<p>Bild (Florian Christ): vlnr. 1. Bgm. und Tanzleiter Oliver Brust, Hammelk\u00f6nigspaar Monika und Martin Erhard sowie die beiden Sch\u00e4fer Michael Schulz und Winfried Huppmann mit dem Kirchweihhammel &#8222;Bubi&#8220;.<\/p>\n","protected":false},"excerpt":{"rendered":"<p>Liebe Kirchweihfreunde, wir haben 4 Tage Galderschummer Kirchweih gefeiert. Es war ein sch\u00f6nes Fest. Der H\u00f6hepunkt ist immer unser Kirchweihsonntag mit dem Hammeltanz. Hier tanzen wir um den Kirchweihsch\u00e4fer und einen Hammel herum. Dabei wird ein Blumenstrau\u00df herumgereicht. In der Mitte des Kreises steht ein Wecker. Wer den Strau\u00df hat, wenn der Wecker schellt, ist &hellip; <a href=\"https:\/\/www.trachtenverband-unterfranken.de\/?p=4811\" class=\"more-link\"><span class=\"screen-reader-text\">Galderschummer Kerwa 24.-27.12.2017 &#8211; Neues Hammelk\u00f6nigspaar<\/span> weiterlesen<\/a><\/p>\n","protected":false},"author":7,"featured_media":0,"comment_status":"closed","ping_status":"closed","sticky":false,"template":"","format":"standard","meta":{"footnotes":""},"categories":[1,9],"tags":[41,45,72,23],"_links":{"self":[{"href":"https:\/\/www.trachtenverband-unterfranken.de\/index.php?rest_route=\/wp\/v2\/posts\/4811"}],"collection":[{"href":"https:\/\/www.trachtenverband-unterfranken.de\/index.php?rest_route=\/wp\/v2\/posts"}],"about":[{"href":"https:\/\/www.trachtenverband-unterfranken.de\/index.php?rest_route=\/wp\/v2\/types\/post"}],"author":[{"embeddable":true,"href":"https:\/\/www.trachtenverband-unterfranken.de\/index.php?rest_route=\/wp\/v2\/users\/7"}],"replies":[{"embeddable":true,"href":"https:\/\/www.trachtenverband-unterfranken.de\/index.php?rest_route=%2Fwp%2Fv2%2Fcomments&post=4811"}],"version-history":[{"count":11,"href":"https:\/\/www.trachtenverband-unterfranken.de\/index.php?rest_route=\/wp\/v2\/posts\/4811\/revisions"}],"predecessor-version":[{"id":4824,"href":"https:\/\/www.trachtenverband-unterfranken.de\/index.php?rest_route=\/wp\/v2\/posts\/4811\/revisions\/4824"}],"wp:attachment":[{"href":"https:\/\/www.trachtenverband-unterfranken.de\/index.php?rest_route=%2Fwp%2Fv2%2Fmedia&parent=4811"}],"wp:term":[{"taxonomy":"category","embeddable":true,"href":"https:\/\/www.trachtenverband-unterfranken.de\/index.php?rest_route=%2Fwp%2Fv2%2Fcategories&post=4811"},{"taxonomy":"post_tag","embeddable":true,"href":"https:\/\/www.trachtenverband-unterfranken.de\/index.php?rest_route=%2Fwp%2Fv2%2Ftags&post=4811"}],"curies":[{"name":"wp","href":"https:\/\/api.w.org\/{rel}","templated":true}]}}