{"id":4825,"date":"2017-12-10T15:18:42","date_gmt":"2017-12-10T14:18:42","guid":{"rendered":"http:\/\/www.trachtenverband-unterfranken.de\/?p=4825"},"modified":"2017-12-10T15:38:39","modified_gmt":"2017-12-10T14:38:39","slug":"4825","status":"publish","type":"post","link":"https:\/\/www.trachtenverband-unterfranken.de\/?p=4825","title":{"rendered":"Ehrungen in Geldersheim"},"content":{"rendered":"<p>Im Rahmen der Geldersheimer Kirchweih 2017 wurden 3 verdiente Trachtler geehrt: Maria und Alfred Brand sowie 2. Gauvorstand Marcus M\u00fcller erhielten vom 1. Gauvorstand Oliver Brust die Ehrenkunde des Trachtenverband Unterfranken e.V. und die Ehrennadel in Silber f\u00fcr 25 Jahre aktives Trachttragen. Alfred und Maria Brand waren 1991 an der Geldersheimer Kirchweih Hammelk\u00f6nigspaar geworden und sind dann dem Verein f\u00fcr Heimat- u. Brauchtumspflege Geldersheim e.V. beigetreten und dort seitdem aktiv bei den Tanzproben und Trachtenauftritten mit dabei. Marcus M\u00fcller ist seit seiner Kindheit Mitglied im Trachtenverein Oberelsbach. Seit 2 Jahren ist er auch Mitglied im Trachtenverein Geldersheim. 2012 \u00fcbernahm er das Amt des Gauf\u00e4hnrichs und ist seit Fr\u00fchjahr 2017 stellvertretender Gauvorstand.<\/p>\n<p>Gez. Oliver Brust<\/p>\n<p><img loading=\"lazy\" decoding=\"async\" class=\"alignnone size-medium wp-image-4826\" src=\"https:\/\/www.trachtenverband-unterfranken.de\/wp-content\/uploads\/2017\/12\/2017-11-24-Ehrung-Marcus-M\u00fcller-Alfred-und-Maria-Brand-Foto-Christ-Flor.-300x225.jpg\" alt=\"\" width=\"300\" height=\"225\" srcset=\"https:\/\/www.trachtenverband-unterfranken.de\/wp-content\/uploads\/2017\/12\/2017-11-24-Ehrung-Marcus-M\u00fcller-Alfred-und-Maria-Brand-Foto-Christ-Flor.-300x225.jpg 300w, https:\/\/www.trachtenverband-unterfranken.de\/wp-content\/uploads\/2017\/12\/2017-11-24-Ehrung-Marcus-M\u00fcller-Alfred-und-Maria-Brand-Foto-Christ-Flor..jpg 667w\" sizes=\"(max-width: 300px) 100vw, 300px\" \/><\/p>\n<p>Foto (Florian Christ) vlnr.: 2. Gauvorstand Marcus M\u00fcller, 1. Gauvorstand Oliver Brust, Maria und Alfred Brand (Verein f\u00fcr Heimat- u. Brauchtumspflege Geldersheim e.V.)<\/p>\n","protected":false},"excerpt":{"rendered":"<p>Im Rahmen der Geldersheimer Kirchweih 2017 wurden 3 verdiente Trachtler geehrt: Maria und Alfred Brand sowie 2. Gauvorstand Marcus M\u00fcller erhielten vom 1. Gauvorstand Oliver Brust die Ehrenkunde des Trachtenverband Unterfranken e.V. und die Ehrennadel in Silber f\u00fcr 25 Jahre aktives Trachttragen. Alfred und Maria Brand waren 1991 an der Geldersheimer Kirchweih Hammelk\u00f6nigspaar geworden und &hellip; <a href=\"https:\/\/www.trachtenverband-unterfranken.de\/?p=4825\" class=\"more-link\"><span class=\"screen-reader-text\">Ehrungen in Geldersheim<\/span> weiterlesen<\/a><\/p>\n","protected":false},"author":7,"featured_media":0,"comment_status":"closed","ping_status":"closed","sticky":false,"template":"","format":"standard","meta":{"footnotes":""},"categories":[1],"tags":[86,87],"_links":{"self":[{"href":"https:\/\/www.trachtenverband-unterfranken.de\/index.php?rest_route=\/wp\/v2\/posts\/4825"}],"collection":[{"href":"https:\/\/www.trachtenverband-unterfranken.de\/index.php?rest_route=\/wp\/v2\/posts"}],"about":[{"href":"https:\/\/www.trachtenverband-unterfranken.de\/index.php?rest_route=\/wp\/v2\/types\/post"}],"author":[{"embeddable":true,"href":"https:\/\/www.trachtenverband-unterfranken.de\/index.php?rest_route=\/wp\/v2\/users\/7"}],"replies":[{"embeddable":true,"href":"https:\/\/www.trachtenverband-unterfranken.de\/index.php?rest_route=%2Fwp%2Fv2%2Fcomments&post=4825"}],"version-history":[{"count":4,"href":"https:\/\/www.trachtenverband-unterfranken.de\/index.php?rest_route=\/wp\/v2\/posts\/4825\/revisions"}],"predecessor-version":[{"id":4831,"href":"https:\/\/www.trachtenverband-unterfranken.de\/index.php?rest_route=\/wp\/v2\/posts\/4825\/revisions\/4831"}],"wp:attachment":[{"href":"https:\/\/www.trachtenverband-unterfranken.de\/index.php?rest_route=%2Fwp%2Fv2%2Fmedia&parent=4825"}],"wp:term":[{"taxonomy":"category","embeddable":true,"href":"https:\/\/www.trachtenverband-unterfranken.de\/index.php?rest_route=%2Fwp%2Fv2%2Fcategories&post=4825"},{"taxonomy":"post_tag","embeddable":true,"href":"https:\/\/www.trachtenverband-unterfranken.de\/index.php?rest_route=%2Fwp%2Fv2%2Ftags&post=4825"}],"curies":[{"name":"wp","href":"https:\/\/api.w.org\/{rel}","templated":true}]}}