{"id":4838,"date":"2017-12-12T13:31:15","date_gmt":"2017-12-12T12:31:15","guid":{"rendered":"http:\/\/www.trachtenverband-unterfranken.de\/?p=4838"},"modified":"2017-12-12T13:31:15","modified_gmt":"2017-12-12T12:31:15","slug":"ehrungen-in-markt-einersheim-2","status":"publish","type":"post","link":"https:\/\/www.trachtenverband-unterfranken.de\/?p=4838","title":{"rendered":"Ehrungen in Markt Einersheim"},"content":{"rendered":"<p>W\u00e4hrend der Weihnachtsfeier wurden in diesem Jahr gleich drei Trachtler f\u00fcr ihre 50j\u00e4hrige Vereinszugeh\u00f6rigkeit geehrt und zu Ehrenmitgliedern ernannt.<\/p>\n<p>Der 1. Vorsitzende, Dr. Rolf Lupold, \u00fcberreichte Christa H\u00fc\u00dfner, Marianne Hering und Ingrid Schurek das goldene Vereinsabzeichen und bedankte sich f\u00fcr 50 Jahre Treue zum Verein.<\/p>\n<p>Alle drei sind seit nunmehr 50 Jahren Trachtentr\u00e4ger und waren nat\u00fcrlich bereits als Kinder bei Festumz\u00fcgen und Tanzauftritten dabei. Sie hatten \u00fcber Jahrzehnte verschiedene Vereinsposten \u00fcbernommen, sind bis heute wichtige St\u00fctzen und gestalten immer noch mit viel Energie die verschiedensten Vereinsaktivit\u00e4ten mit. Seit vielen Jahren ist Ingrid Schurek 2. Vorsitzende, Marianne Hering 1. Vort\u00e4nzerin und Christa H\u00fc\u00dfner Trachtenwartin.<\/p>\n<p>Zus\u00e4tzlich wurde Christa H\u00fc\u00dfner von J\u00fcrgen M\u00fcller, dem 1. Vorsitzenden der Vereinigung links der Donau, und von Thomas Kohl, Mitglied der F\u00fchrungsriege vom Gau Unterfranken, f\u00fcr 50 Jahre Tracht tragen geehrt. Die anderen beiden sind noch zu jung und erhalten diese Auszeichnung erst in ein paar Jahren.<\/p>\n<p>Gez.\u00a0Christa Maier, Schriftf\u00fchrerin &#8211; Volkstrachtenverein Markt Einersheim e.V.<\/p>\n<figure id=\"attachment_4839\" aria-describedby=\"caption-attachment-4839\" style=\"width: 300px\" class=\"wp-caption alignnone\"><img loading=\"lazy\" decoding=\"async\" class=\"wp-image-4839 size-medium\" src=\"https:\/\/www.trachtenverband-unterfranken.de\/wp-content\/uploads\/2017\/12\/DSC_0532-300x199.jpg\" alt=\"\" width=\"300\" height=\"199\" srcset=\"https:\/\/www.trachtenverband-unterfranken.de\/wp-content\/uploads\/2017\/12\/DSC_0532-300x199.jpg 300w, https:\/\/www.trachtenverband-unterfranken.de\/wp-content\/uploads\/2017\/12\/DSC_0532.jpg 750w\" sizes=\"(max-width: 300px) 100vw, 300px\" \/><figcaption id=\"caption-attachment-4839\" class=\"wp-caption-text\">von links. Dr. Rolf Lupold, J\u00fcrgen M\u00fcller, Christa H\u00fc\u00dfner, Ingrid Schurek, Marianne Hering, Thomas Kohl<\/figcaption><\/figure>\n","protected":false},"excerpt":{"rendered":"<p>W\u00e4hrend der Weihnachtsfeier wurden in diesem Jahr gleich drei Trachtler f\u00fcr ihre 50j\u00e4hrige Vereinszugeh\u00f6rigkeit geehrt und zu Ehrenmitgliedern ernannt. Der 1. Vorsitzende, Dr. Rolf Lupold, \u00fcberreichte Christa H\u00fc\u00dfner, Marianne Hering und Ingrid Schurek das goldene Vereinsabzeichen und bedankte sich f\u00fcr 50 Jahre Treue zum Verein. Alle drei sind seit nunmehr 50 Jahren Trachtentr\u00e4ger und waren &hellip; <a href=\"https:\/\/www.trachtenverband-unterfranken.de\/?p=4838\" class=\"more-link\"><span class=\"screen-reader-text\">Ehrungen in Markt Einersheim<\/span> weiterlesen<\/a><\/p>\n","protected":false},"author":7,"featured_media":0,"comment_status":"closed","ping_status":"closed","sticky":false,"template":"","format":"standard","meta":{"footnotes":""},"categories":[1],"tags":[88,86,26],"_links":{"self":[{"href":"https:\/\/www.trachtenverband-unterfranken.de\/index.php?rest_route=\/wp\/v2\/posts\/4838"}],"collection":[{"href":"https:\/\/www.trachtenverband-unterfranken.de\/index.php?rest_route=\/wp\/v2\/posts"}],"about":[{"href":"https:\/\/www.trachtenverband-unterfranken.de\/index.php?rest_route=\/wp\/v2\/types\/post"}],"author":[{"embeddable":true,"href":"https:\/\/www.trachtenverband-unterfranken.de\/index.php?rest_route=\/wp\/v2\/users\/7"}],"replies":[{"embeddable":true,"href":"https:\/\/www.trachtenverband-unterfranken.de\/index.php?rest_route=%2Fwp%2Fv2%2Fcomments&post=4838"}],"version-history":[{"count":3,"href":"https:\/\/www.trachtenverband-unterfranken.de\/index.php?rest_route=\/wp\/v2\/posts\/4838\/revisions"}],"predecessor-version":[{"id":4842,"href":"https:\/\/www.trachtenverband-unterfranken.de\/index.php?rest_route=\/wp\/v2\/posts\/4838\/revisions\/4842"}],"wp:attachment":[{"href":"https:\/\/www.trachtenverband-unterfranken.de\/index.php?rest_route=%2Fwp%2Fv2%2Fmedia&parent=4838"}],"wp:term":[{"taxonomy":"category","embeddable":true,"href":"https:\/\/www.trachtenverband-unterfranken.de\/index.php?rest_route=%2Fwp%2Fv2%2Fcategories&post=4838"},{"taxonomy":"post_tag","embeddable":true,"href":"https:\/\/www.trachtenverband-unterfranken.de\/index.php?rest_route=%2Fwp%2Fv2%2Ftags&post=4838"}],"curies":[{"name":"wp","href":"https:\/\/api.w.org\/{rel}","templated":true}]}}