{"id":4848,"date":"2017-12-12T14:20:23","date_gmt":"2017-12-12T13:20:23","guid":{"rendered":"http:\/\/www.trachtenverband-unterfranken.de\/?p=4848"},"modified":"2017-12-12T14:20:23","modified_gmt":"2017-12-12T13:20:23","slug":"einladung-oberfraenkische-volksmusiktage","status":"publish","type":"post","link":"https:\/\/www.trachtenverband-unterfranken.de\/?p=4848","title":{"rendered":"Einladung Oberfr\u00e4nkische Volksmusiktage"},"content":{"rendered":"<p>Der Bayerische Landesverein f\u00fcr Heimatpflege e.V. zusammen mit seinen Mitveranstaltern l\u00e4dt sehr herzlich ein:<\/p>\n<p><strong>Oberfr\u00e4nkische Volksmusiktage \u201eFr\u00e4nkisch \u2013 europ\u00e4isch g\u2019sungen, g\u2019spielt und danzd\u201c<\/strong><\/p>\n<p><span class=\"lauftext-12\"><strong>Sonntag 25.03.18 &#8211; Donnerstag 29.03.18 in Obertrubach<\/strong>, Landkreis Forchheim, Oberfranken <\/span><br \/>\n<span class=\"lauftext-01\"> &#8222;Fr\u00e4nkisch-Europ\u00e4isch&#8220; \u2013 Volksmusikintensivtage in der Fr\u00e4nkischen Schweiz <\/span><\/p>\n<p>Arbeitnehmerbildungs- und -begegnungsst\u00e4tte, Beginn 15 Uhr<\/p>\n<p><img loading=\"lazy\" decoding=\"async\" class=\"alignnone wp-image-4854 size-medium\" src=\"https:\/\/www.trachtenverband-unterfranken.de\/wp-content\/uploads\/2017\/12\/funkyserver-280x300.jpeg\" alt=\"\" width=\"280\" height=\"300\" srcset=\"https:\/\/www.trachtenverband-unterfranken.de\/wp-content\/uploads\/2017\/12\/funkyserver-280x300.jpeg 280w, https:\/\/www.trachtenverband-unterfranken.de\/wp-content\/uploads\/2017\/12\/funkyserver.jpeg 466w\" sizes=\"(max-width: 280px) 100vw, 280px\" \/><\/p>\n<p>F\u00fcnf Tage singen, tanzen und musizieren: Altbekanntes auffrischen, Neues dazulernen \u2013 Lieder, Instrumentalst\u00fccke und T\u00e4nze aus Franken und anderen Regionen. Das gemeinsame Singen, Tanzen und Musizieren stehen im Mittelpunkt. Hier wird man mit volksmusikalischen Praktiken vertraut gemacht, die man sonst nirgendwo vermittelt bekommt. Jeder kann seinen pers\u00f6nlichen Besitz an Liedern, Musikst\u00fccken und T\u00e4nzen erweitern. Auf Wunsch k\u00f6nnen auch bestehende Volksmusikgruppen eine auf sie zugeschnittene Fortbildung erhalten.<\/p>\n<p>Mitveranstalter: KEB im Landkreis Forchheim e.V.<\/p>\n<p>Team: Carolin Pruy-Popp, Steffi Zachmeier, Renate Zachmeier, David Saam, Ferdinand Schramm und andere<\/p>\n<p>Zum <a href=\"http:\/\/www.heimat-bayern.de\/uploads\/8ec28a79f89785b2af745128b5c551b0.pdf\" target=\"_blank\" rel=\"noopener\">Anmeldeformular<\/a> in PDF<\/p>\n<p><img loading=\"lazy\" decoding=\"async\" class=\"alignnone wp-image-4858 size-large\" src=\"https:\/\/www.trachtenverband-unterfranken.de\/wp-content\/uploads\/2017\/12\/Oberfra\u0308nkische_Volksmusiktage_2018-mehr-366x500.jpg\" alt=\"\" width=\"366\" height=\"500\" srcset=\"https:\/\/www.trachtenverband-unterfranken.de\/wp-content\/uploads\/2017\/12\/Oberfra\u0308nkische_Volksmusiktage_2018-mehr.jpg 366w, https:\/\/www.trachtenverband-unterfranken.de\/wp-content\/uploads\/2017\/12\/Oberfra\u0308nkische_Volksmusiktage_2018-mehr-220x300.jpg 220w\" sizes=\"(max-width: 366px) 100vw, 366px\" \/> <img loading=\"lazy\" decoding=\"async\" class=\"alignnone wp-image-4859 size-large\" src=\"https:\/\/www.trachtenverband-unterfranken.de\/wp-content\/uploads\/2017\/12\/Oberfra\u0308nkische_Volksmusiktage_2018-team-372x500.jpg\" alt=\"\" width=\"372\" height=\"500\" srcset=\"https:\/\/www.trachtenverband-unterfranken.de\/wp-content\/uploads\/2017\/12\/Oberfra\u0308nkische_Volksmusiktage_2018-team.jpg 372w, https:\/\/www.trachtenverband-unterfranken.de\/wp-content\/uploads\/2017\/12\/Oberfra\u0308nkische_Volksmusiktage_2018-team-223x300.jpg 223w\" sizes=\"(max-width: 372px) 100vw, 372px\" \/><\/p>\n<p>&nbsp;<\/p>\n<p>&nbsp;<\/p>\n","protected":false},"excerpt":{"rendered":"<p>Der Bayerische Landesverein f\u00fcr Heimatpflege e.V. zusammen mit seinen Mitveranstaltern l\u00e4dt sehr herzlich ein: Oberfr\u00e4nkische Volksmusiktage \u201eFr\u00e4nkisch \u2013 europ\u00e4isch g\u2019sungen, g\u2019spielt und danzd\u201c Sonntag 25.03.18 &#8211; Donnerstag 29.03.18 in Obertrubach, Landkreis Forchheim, Oberfranken &#8222;Fr\u00e4nkisch-Europ\u00e4isch&#8220; \u2013 Volksmusikintensivtage in der Fr\u00e4nkischen Schweiz Arbeitnehmerbildungs- und -begegnungsst\u00e4tte, Beginn 15 Uhr F\u00fcnf Tage singen, tanzen und musizieren: Altbekanntes auffrischen, Neues &hellip; <a href=\"https:\/\/www.trachtenverband-unterfranken.de\/?p=4848\" class=\"more-link\"><span class=\"screen-reader-text\">Einladung Oberfr\u00e4nkische Volksmusiktage<\/span> weiterlesen<\/a><\/p>\n","protected":false},"author":7,"featured_media":0,"comment_status":"closed","ping_status":"closed","sticky":false,"template":"","format":"standard","meta":{"footnotes":""},"categories":[1],"tags":[89,90,69,73],"_links":{"self":[{"href":"https:\/\/www.trachtenverband-unterfranken.de\/index.php?rest_route=\/wp\/v2\/posts\/4848"}],"collection":[{"href":"https:\/\/www.trachtenverband-unterfranken.de\/index.php?rest_route=\/wp\/v2\/posts"}],"about":[{"href":"https:\/\/www.trachtenverband-unterfranken.de\/index.php?rest_route=\/wp\/v2\/types\/post"}],"author":[{"embeddable":true,"href":"https:\/\/www.trachtenverband-unterfranken.de\/index.php?rest_route=\/wp\/v2\/users\/7"}],"replies":[{"embeddable":true,"href":"https:\/\/www.trachtenverband-unterfranken.de\/index.php?rest_route=%2Fwp%2Fv2%2Fcomments&post=4848"}],"version-history":[{"count":9,"href":"https:\/\/www.trachtenverband-unterfranken.de\/index.php?rest_route=\/wp\/v2\/posts\/4848\/revisions"}],"predecessor-version":[{"id":4863,"href":"https:\/\/www.trachtenverband-unterfranken.de\/index.php?rest_route=\/wp\/v2\/posts\/4848\/revisions\/4863"}],"wp:attachment":[{"href":"https:\/\/www.trachtenverband-unterfranken.de\/index.php?rest_route=%2Fwp%2Fv2%2Fmedia&parent=4848"}],"wp:term":[{"taxonomy":"category","embeddable":true,"href":"https:\/\/www.trachtenverband-unterfranken.de\/index.php?rest_route=%2Fwp%2Fv2%2Fcategories&post=4848"},{"taxonomy":"post_tag","embeddable":true,"href":"https:\/\/www.trachtenverband-unterfranken.de\/index.php?rest_route=%2Fwp%2Fv2%2Ftags&post=4848"}],"curies":[{"name":"wp","href":"https:\/\/api.w.org\/{rel}","templated":true}]}}