{"id":4891,"date":"2018-01-04T00:53:09","date_gmt":"2018-01-03T23:53:09","guid":{"rendered":"http:\/\/www.trachtenverband-unterfranken.de\/?p=4891"},"modified":"2018-01-04T00:53:09","modified_gmt":"2018-01-03T23:53:09","slug":"37-dreikoenigstanz-in-roethlein","status":"publish","type":"post","link":"https:\/\/www.trachtenverband-unterfranken.de\/?p=4891","title":{"rendered":"37. Dreik\u00f6nigstanz in R\u00f6thlein"},"content":{"rendered":"<div class=\"moz-text-html\" lang=\"x-unicode\">\n<div class=\"WordSection1\">\n<p>Sehr geehrte Damen und Herren,<\/p>\n<p>der <strong>37. Dreik\u00f6nigstanz<\/strong> mit den Fr\u00e4nkischen Stra\u00dfenmusikanten steht an!<\/p>\n<p>Auch 2018\u00a0werden die <strong>Fr\u00e4nkischen Stra\u00dfenmusikanten<\/strong> das Jahr der R\u00f6thleiner Trachtler er\u00f6ffnen. Die vier Musiker aus den drei fr\u00e4nkischen Bezirken sind ein Garant f\u00fcr einen beschwingten Tanzabend. Besucher aus nah und fern freuen sich auf einen Abend, an dem man sich ganz den Fr\u00e4nkischen Rundt\u00e4nzen widmet.<\/p>\n<p>Neben der <strong>Plantour<\/strong>, die mit Walzer, Schottisch und Rheinl\u00e4nder f\u00fcr die meisten keine gro\u00dfe Herausforderung darstellt, stehen viele <strong>Figurent\u00e4nze<\/strong> auf dem Programm. Hier werden die Schrittfolgen jeweils vor dem Tanz gezeigt, damit alle Tanzinteressierten teilnehmen k\u00f6nnen und sich dabei m\u00f6glichst wenig auf die F\u00fc\u00dfe treten.<\/p>\n<p>Wie immer folgt der H\u00f6hepunkt des Abends nach der Pause: bei der <strong>Weidenberger Fran\u00e7aise<\/strong>, eine Parodie auf die steifen h\u00f6fischen Schreitt\u00e4nze, h\u00e4lt es keinen mehr auf seinem Platz. Denn der Kolonnentanz, bei dem die Figuren w\u00e4hrend des Tanzes angesagt werden, macht einfach jedem Spa\u00df.<\/p>\n<p>Der Tanzabend findet wie gewohnt am <strong>Vorabend von Dreik\u00f6nig, am 05.01.2018<\/strong>,\u00a0in der Sporthalle des TSV R\u00f6thlein statt.<\/p>\n<p>Beginn ist um 20 Uhr (Einlass: 19:30 Uhr). Der <strong>Eintrittspreis betr\u00e4gt 7,- \u20ac<\/strong>.<\/p>\n<p>Eine Online-Kartenreservierungen ist unverbindlich unter <a href=\"http:\/\/www.vtv-roethlein.de\">www.vtv-roethlein.de<\/a> m\u00f6glich.<br \/>\nDie telefonische Kartenreservierung bitte wieder bei der Apotheke R\u00f6thlein, Tel. 09723\/7047 vornehmen.<\/p>\n<p>Der Volkstrachtenverein R\u00f6thlein und die R\u00f6thleiner Planpaare freuen sich auf Ihren Besuch.<\/p>\n<p>Mit freundlichen Trachtengr\u00fc\u00dfen<br \/>\nBritta Dorsch<br \/>\n1. Schriftf\u00fchrerin Volkstrachtenverein R\u00f6thlein<\/p>\n<p><img loading=\"lazy\" decoding=\"async\" class=\"wp-image-4892 size-large aligncenter\" src=\"https:\/\/www.trachtenverband-unterfranken.de\/wp-content\/uploads\/2018\/01\/2018_Plakat-356x500.jpg\" alt=\"\" width=\"356\" height=\"500\" srcset=\"https:\/\/www.trachtenverband-unterfranken.de\/wp-content\/uploads\/2018\/01\/2018_Plakat.jpg 356w, https:\/\/www.trachtenverband-unterfranken.de\/wp-content\/uploads\/2018\/01\/2018_Plakat-214x300.jpg 214w\" sizes=\"(max-width: 356px) 100vw, 356px\" \/><\/p>\n<\/div>\n<\/div>\n","protected":false},"excerpt":{"rendered":"<p>Sehr geehrte Damen und Herren, der 37. Dreik\u00f6nigstanz mit den Fr\u00e4nkischen Stra\u00dfenmusikanten steht an! Auch 2018\u00a0werden die Fr\u00e4nkischen Stra\u00dfenmusikanten das Jahr der R\u00f6thleiner Trachtler er\u00f6ffnen. Die vier Musiker aus den drei fr\u00e4nkischen Bezirken sind ein Garant f\u00fcr einen beschwingten Tanzabend. Besucher aus nah und fern freuen sich auf einen Abend, an dem man sich ganz &hellip; <a href=\"https:\/\/www.trachtenverband-unterfranken.de\/?p=4891\" class=\"more-link\"><span class=\"screen-reader-text\">37. Dreik\u00f6nigstanz in R\u00f6thlein<\/span> weiterlesen<\/a><\/p>\n","protected":false},"author":7,"featured_media":0,"comment_status":"closed","ping_status":"closed","sticky":false,"template":"","format":"standard","meta":{"footnotes":""},"categories":[9,11,12],"tags":[41,25,69,73,93],"_links":{"self":[{"href":"https:\/\/www.trachtenverband-unterfranken.de\/index.php?rest_route=\/wp\/v2\/posts\/4891"}],"collection":[{"href":"https:\/\/www.trachtenverband-unterfranken.de\/index.php?rest_route=\/wp\/v2\/posts"}],"about":[{"href":"https:\/\/www.trachtenverband-unterfranken.de\/index.php?rest_route=\/wp\/v2\/types\/post"}],"author":[{"embeddable":true,"href":"https:\/\/www.trachtenverband-unterfranken.de\/index.php?rest_route=\/wp\/v2\/users\/7"}],"replies":[{"embeddable":true,"href":"https:\/\/www.trachtenverband-unterfranken.de\/index.php?rest_route=%2Fwp%2Fv2%2Fcomments&post=4891"}],"version-history":[{"count":5,"href":"https:\/\/www.trachtenverband-unterfranken.de\/index.php?rest_route=\/wp\/v2\/posts\/4891\/revisions"}],"predecessor-version":[{"id":4897,"href":"https:\/\/www.trachtenverband-unterfranken.de\/index.php?rest_route=\/wp\/v2\/posts\/4891\/revisions\/4897"}],"wp:attachment":[{"href":"https:\/\/www.trachtenverband-unterfranken.de\/index.php?rest_route=%2Fwp%2Fv2%2Fmedia&parent=4891"}],"wp:term":[{"taxonomy":"category","embeddable":true,"href":"https:\/\/www.trachtenverband-unterfranken.de\/index.php?rest_route=%2Fwp%2Fv2%2Fcategories&post=4891"},{"taxonomy":"post_tag","embeddable":true,"href":"https:\/\/www.trachtenverband-unterfranken.de\/index.php?rest_route=%2Fwp%2Fv2%2Ftags&post=4891"}],"curies":[{"name":"wp","href":"https:\/\/api.w.org\/{rel}","templated":true}]}}