{"id":4898,"date":"2018-01-24T19:37:53","date_gmt":"2018-01-24T18:37:53","guid":{"rendered":"http:\/\/www.trachtenverband-unterfranken.de\/?p=4898"},"modified":"2018-01-24T19:37:53","modified_gmt":"2018-01-24T18:37:53","slug":"seminar-brauchtum-und-glaube","status":"publish","type":"post","link":"https:\/\/www.trachtenverband-unterfranken.de\/?p=4898","title":{"rendered":"Seminar Brauchtum und Glaube"},"content":{"rendered":"<p>Im Rahmen der Zukunftswerkstatt Heimat.Bayern.Leben. findet das Seminar \u201eGlaube und Brauchtum\u201c statt.<\/p>\n<p>Zielgruppe:<br \/>\nAlle, die:<br \/>\n&#8211; mehr \u00fcber Sinn und Hintergr\u00fcnde unserer Volksbr\u00e4uche, Traditionen und Feste erfahren wollen,<br \/>\n&#8211; an der Verbindung von Brauchtum, Glaube und Trachtensache Interesse haben<br \/>\n&#8211; die Weitergabe des Brauchtums mitgestalten wollen<br \/>\nDieses Seminar kann als Fort- und Weiterbildungsma\u00dfnahme f\u00fcr die Jugendleiterkarte angerechnet werden.<\/p>\n<p>Christbaum \u2013 Fasching \u2013 Osterei:<br \/>\nFast alle unserer Jahreszeit- und Festtagsbr\u00e4uche sind christlichen Ursprungs bzw. wurden vom Christentum geformt.<br \/>\nWelchen Stellenwert haben sie heute f\u00fcr den Einzelnen, die Familie, den Verein, die Gesellschaft ?<br \/>\nWas habe ich mit Br\u00e4uchen zu tun? Was sind Br\u00e4uche? Was n\u00fctzen sie mir und wie gehe ich damit um?<br \/>\nWas bedeutet Brauch-Pflege? Sind Br\u00e4uche immer alt, sind alte Br\u00e4uche immer brauchbar?<\/p>\n<p>F\u00fcr diese und weitere Fragen haben f\u00fcr Vortr\u00e4ge und Gespr\u00e4chen folgende Referenten zugesagt:<\/p>\n<p>Dr. Rudolf Voderholzer, Di\u00f6zesanbischof Regensburg<br \/>\nDr. Maximilian Seefelder, Bezirksheimatpfleger Niederbayern<br \/>\nThomas Rother, Pfarrer, Pfarreiengemeinschaft Velden<br \/>\nAnneliese Weinzierl, Sachgebiet Trachtenpflege und Trachtenforschung im Bayerischen Trachtenverband<br \/>\nWalter Sirch, Vorsitzender Sachgebiet Mundart \u2013 Brauchtum \u2013 Laienspiel im Bayerischen Trachtenverband<br \/>\nErich Tahedl, stv. Landesvorsitzender<\/p>\n<p><strong>Termin:<\/strong> Freitag, 16. Februar, 16 Uhr, bis Sonntag, 18. Februar 2018, 16 Uhr<br \/>\n<strong>Ort:<\/strong> Trachtenkulturzentrum Holzhausen<\/p>\n<p><strong>Kursgeb\u00fchr:<\/strong><br \/>\nincl. \u00dcbernachtung mit Vollpension: \u20ac 118,-<br \/>\nohne \u00dcbernachtung: \u20ac 78,-<\/p>\n<p><strong>Anmeldung unter<\/strong> <a href=\"anmeldung@trachtenverband.bayern\">anmeldung@trachtenverband.bayern<\/a><\/p>\n<p>Das Programm ist im Flyer unten nachzulesen.<\/p>\n<p><img loading=\"lazy\" decoding=\"async\" class=\"alignnone wp-image-4901 size-large\" src=\"https:\/\/www.trachtenverband-unterfranken.de\/wp-content\/uploads\/2018\/01\/Brauchtum-und-Glaube-1-708x500.jpg\" alt=\"\" width=\"708\" height=\"500\" srcset=\"https:\/\/www.trachtenverband-unterfranken.de\/wp-content\/uploads\/2018\/01\/Brauchtum-und-Glaube-1.jpg 708w, https:\/\/www.trachtenverband-unterfranken.de\/wp-content\/uploads\/2018\/01\/Brauchtum-und-Glaube-1-300x212.jpg 300w\" sizes=\"(max-width: 708px) 100vw, 708px\" \/><\/p>\n<p><img loading=\"lazy\" decoding=\"async\" class=\"alignnone wp-image-4902 size-large\" src=\"https:\/\/www.trachtenverband-unterfranken.de\/wp-content\/uploads\/2018\/01\/Brauchtum-und-Glaube-2-708x500.jpg\" alt=\"\" width=\"708\" height=\"500\" srcset=\"https:\/\/www.trachtenverband-unterfranken.de\/wp-content\/uploads\/2018\/01\/Brauchtum-und-Glaube-2.jpg 708w, https:\/\/www.trachtenverband-unterfranken.de\/wp-content\/uploads\/2018\/01\/Brauchtum-und-Glaube-2-300x212.jpg 300w\" sizes=\"(max-width: 708px) 100vw, 708px\" \/><\/p>\n","protected":false},"excerpt":{"rendered":"<p>Im Rahmen der Zukunftswerkstatt Heimat.Bayern.Leben. findet das Seminar \u201eGlaube und Brauchtum\u201c statt. Zielgruppe: Alle, die: &#8211; mehr \u00fcber Sinn und Hintergr\u00fcnde unserer Volksbr\u00e4uche, Traditionen und Feste erfahren wollen, &#8211; an der Verbindung von Brauchtum, Glaube und Trachtensache Interesse haben &#8211; die Weitergabe des Brauchtums mitgestalten wollen Dieses Seminar kann als Fort- und Weiterbildungsma\u00dfnahme f\u00fcr die &hellip; <a href=\"https:\/\/www.trachtenverband-unterfranken.de\/?p=4898\" class=\"more-link\"><span class=\"screen-reader-text\">Seminar Brauchtum und Glaube<\/span> weiterlesen<\/a><\/p>\n","protected":false},"author":7,"featured_media":0,"comment_status":"closed","ping_status":"closed","sticky":false,"template":"","format":"standard","meta":{"footnotes":""},"categories":[9],"tags":[95,61,94],"_links":{"self":[{"href":"https:\/\/www.trachtenverband-unterfranken.de\/index.php?rest_route=\/wp\/v2\/posts\/4898"}],"collection":[{"href":"https:\/\/www.trachtenverband-unterfranken.de\/index.php?rest_route=\/wp\/v2\/posts"}],"about":[{"href":"https:\/\/www.trachtenverband-unterfranken.de\/index.php?rest_route=\/wp\/v2\/types\/post"}],"author":[{"embeddable":true,"href":"https:\/\/www.trachtenverband-unterfranken.de\/index.php?rest_route=\/wp\/v2\/users\/7"}],"replies":[{"embeddable":true,"href":"https:\/\/www.trachtenverband-unterfranken.de\/index.php?rest_route=%2Fwp%2Fv2%2Fcomments&post=4898"}],"version-history":[{"count":4,"href":"https:\/\/www.trachtenverband-unterfranken.de\/index.php?rest_route=\/wp\/v2\/posts\/4898\/revisions"}],"predecessor-version":[{"id":4904,"href":"https:\/\/www.trachtenverband-unterfranken.de\/index.php?rest_route=\/wp\/v2\/posts\/4898\/revisions\/4904"}],"wp:attachment":[{"href":"https:\/\/www.trachtenverband-unterfranken.de\/index.php?rest_route=%2Fwp%2Fv2%2Fmedia&parent=4898"}],"wp:term":[{"taxonomy":"category","embeddable":true,"href":"https:\/\/www.trachtenverband-unterfranken.de\/index.php?rest_route=%2Fwp%2Fv2%2Fcategories&post=4898"},{"taxonomy":"post_tag","embeddable":true,"href":"https:\/\/www.trachtenverband-unterfranken.de\/index.php?rest_route=%2Fwp%2Fv2%2Ftags&post=4898"}],"curies":[{"name":"wp","href":"https:\/\/api.w.org\/{rel}","templated":true}]}}