{"id":5139,"date":"2018-08-08T16:11:57","date_gmt":"2018-08-08T14:11:57","guid":{"rendered":"http:\/\/www.trachtenverband-unterfranken.de\/?p=5139"},"modified":"2018-08-14T16:27:04","modified_gmt":"2018-08-14T14:27:04","slug":"trachtentag","status":"publish","type":"post","link":"https:\/\/www.trachtenverband-unterfranken.de\/?p=5139","title":{"rendered":"Trachtentag &#8211; Landesgartenschau W\u00fcrzburg"},"content":{"rendered":"<div>\n<div class=\"c-title\"><\/div>\n<\/div>\n<div class=\"event-content\">\n<p>Vom 12. April bis 7. Oktober 2018 ist <strong>Landesgartenschau in W\u00fcrzburg<\/strong>. Im Zeichen des Schmetterlings erwartet die Besucher ein abwechslungsreiches Programm zum Entdecken, Mitmachen, Spielen und Staunen.<\/p>\n<p>Der Trachtenverband Unterfranken e. V. und die ARGE Fr\u00e4nkische Volksmusik Bezirk Unterfranken engagieren sich f\u00fcr den Erhalt und die Pflege von Tracht, Volksmusik und Brauchtum. Gemeinsam richten sie den <strong>Trachtentag<\/strong> auf der Landesgartenschau aus.<\/p>\n<p><strong>Wann:<\/strong> 02.09.2018, 11:00 Uhr &#8211; 18:00 Uhr &#8211; WVV-B\u00fchne<\/p>\n<p>Auf einer B\u00fchne werden den ganzen Tag \u00fcber Volksmusik und -tanz dargeboten. Dabei haben die Zuschauerinnen und Zuschauer auch Gelegenheit mitzumachen. Ein besonderer H\u00f6hepunkt wird zudem der farbenpr\u00e4chtige Festzug durch das Landesgartenschaugel\u00e4nde sein.<\/p>\n<\/div>\n<div><img loading=\"lazy\" decoding=\"async\" class=\"alignnone size-medium wp-image-5140\" src=\"https:\/\/www.trachtenverband-unterfranken.de\/wp-content\/uploads\/2018\/08\/26841204904_039effa2b0_z-300x240.jpg\" alt=\"\" width=\"300\" height=\"240\" srcset=\"https:\/\/www.trachtenverband-unterfranken.de\/wp-content\/uploads\/2018\/08\/26841204904_039effa2b0_z-300x240.jpg 300w, https:\/\/www.trachtenverband-unterfranken.de\/wp-content\/uploads\/2018\/08\/26841204904_039effa2b0_z.jpg 625w\" sizes=\"(max-width: 300px) 100vw, 300px\" \/> <img loading=\"lazy\" decoding=\"async\" class=\"alignnone size-medium wp-image-5141\" src=\"https:\/\/www.trachtenverband-unterfranken.de\/wp-content\/uploads\/2018\/08\/26843259013_61cd800622_z-300x300.jpg\" alt=\"\" width=\"300\" height=\"300\" srcset=\"https:\/\/www.trachtenverband-unterfranken.de\/wp-content\/uploads\/2018\/08\/26843259013_61cd800622_z-300x300.jpg 300w, https:\/\/www.trachtenverband-unterfranken.de\/wp-content\/uploads\/2018\/08\/26843259013_61cd800622_z-150x150.jpg 150w, https:\/\/www.trachtenverband-unterfranken.de\/wp-content\/uploads\/2018\/08\/26843259013_61cd800622_z.jpg 500w\" sizes=\"(max-width: 300px) 100vw, 300px\" \/> <img loading=\"lazy\" decoding=\"async\" class=\"alignnone size-medium wp-image-5142\" src=\"https:\/\/www.trachtenverband-unterfranken.de\/wp-content\/uploads\/2018\/08\/26843272803_f4a30e35b8_z-300x300.jpg\" alt=\"\" width=\"300\" height=\"300\" srcset=\"https:\/\/www.trachtenverband-unterfranken.de\/wp-content\/uploads\/2018\/08\/26843272803_f4a30e35b8_z-300x300.jpg 300w, https:\/\/www.trachtenverband-unterfranken.de\/wp-content\/uploads\/2018\/08\/26843272803_f4a30e35b8_z-150x150.jpg 150w, https:\/\/www.trachtenverband-unterfranken.de\/wp-content\/uploads\/2018\/08\/26843272803_f4a30e35b8_z.jpg 500w\" sizes=\"(max-width: 300px) 100vw, 300px\" \/> <img loading=\"lazy\" decoding=\"async\" class=\"alignnone size-medium wp-image-5143\" src=\"https:\/\/www.trachtenverband-unterfranken.de\/wp-content\/uploads\/2018\/08\/26843285303_707a9e0a8f_z-300x199.jpg\" alt=\"\" width=\"300\" height=\"199\" srcset=\"https:\/\/www.trachtenverband-unterfranken.de\/wp-content\/uploads\/2018\/08\/26843285303_707a9e0a8f_z-300x199.jpg 300w, https:\/\/www.trachtenverband-unterfranken.de\/wp-content\/uploads\/2018\/08\/26843285303_707a9e0a8f_z.jpg 640w\" sizes=\"(max-width: 300px) 100vw, 300px\" \/> <img loading=\"lazy\" decoding=\"async\" class=\"alignnone size-medium wp-image-5144\" src=\"https:\/\/www.trachtenverband-unterfranken.de\/wp-content\/uploads\/2018\/08\/27174116890_f0321d36d1_z-300x199.jpg\" alt=\"\" width=\"300\" height=\"199\" srcset=\"https:\/\/www.trachtenverband-unterfranken.de\/wp-content\/uploads\/2018\/08\/27174116890_f0321d36d1_z-300x199.jpg 300w, https:\/\/www.trachtenverband-unterfranken.de\/wp-content\/uploads\/2018\/08\/27174116890_f0321d36d1_z.jpg 640w\" sizes=\"(max-width: 300px) 100vw, 300px\" \/> <img loading=\"lazy\" decoding=\"async\" class=\"alignnone size-medium wp-image-5145\" src=\"https:\/\/www.trachtenverband-unterfranken.de\/wp-content\/uploads\/2018\/08\/26843313723_181b4b9f6d_z-300x199.jpg\" alt=\"\" width=\"300\" height=\"199\" srcset=\"https:\/\/www.trachtenverband-unterfranken.de\/wp-content\/uploads\/2018\/08\/26843313723_181b4b9f6d_z-300x199.jpg 300w, https:\/\/www.trachtenverband-unterfranken.de\/wp-content\/uploads\/2018\/08\/26843313723_181b4b9f6d_z.jpg 640w\" sizes=\"(max-width: 300px) 100vw, 300px\" \/><\/div>\n<div>\n<div><\/div>\n<div class=\"tags\"><span class=\"tags-pre\">Infos: <a href=\"https:\/\/www.lgs2018-wuerzburg.de\/veranstaltungen\/veranstaltungskalender\/index.html?ev%5Bstart%5D=01.09.2018&amp;ev%5Bend%5D=30.09.2018&amp;ev%5Bid%5D=1716060&amp;ev%5Bstart%5D=01.09.2018&amp;ev%5Bend%5D=30.09.2018\" target=\"_blank\" rel=\"noopener\">Landesgartenschau W\u00fcrzburg<\/a><br \/>\n<\/span><\/div>\n<\/div>\n","protected":false},"excerpt":{"rendered":"<p>Vom 12. April bis 7. Oktober 2018 ist Landesgartenschau in W\u00fcrzburg. Im Zeichen des Schmetterlings erwartet die Besucher ein abwechslungsreiches Programm zum Entdecken, Mitmachen, Spielen und Staunen. Der Trachtenverband Unterfranken e. V. und die ARGE Fr\u00e4nkische Volksmusik Bezirk Unterfranken engagieren sich f\u00fcr den Erhalt und die Pflege von Tracht, Volksmusik und Brauchtum. Gemeinsam richten sie &hellip; <a href=\"https:\/\/www.trachtenverband-unterfranken.de\/?p=5139\" class=\"more-link\"><span class=\"screen-reader-text\">Trachtentag &#8211; Landesgartenschau W\u00fcrzburg<\/span> weiterlesen<\/a><\/p>\n","protected":false},"author":7,"featured_media":0,"comment_status":"closed","ping_status":"closed","sticky":false,"template":"","format":"standard","meta":{"footnotes":""},"categories":[9],"tags":[90,19,26,111,69,73],"_links":{"self":[{"href":"https:\/\/www.trachtenverband-unterfranken.de\/index.php?rest_route=\/wp\/v2\/posts\/5139"}],"collection":[{"href":"https:\/\/www.trachtenverband-unterfranken.de\/index.php?rest_route=\/wp\/v2\/posts"}],"about":[{"href":"https:\/\/www.trachtenverband-unterfranken.de\/index.php?rest_route=\/wp\/v2\/types\/post"}],"author":[{"embeddable":true,"href":"https:\/\/www.trachtenverband-unterfranken.de\/index.php?rest_route=\/wp\/v2\/users\/7"}],"replies":[{"embeddable":true,"href":"https:\/\/www.trachtenverband-unterfranken.de\/index.php?rest_route=%2Fwp%2Fv2%2Fcomments&post=5139"}],"version-history":[{"count":12,"href":"https:\/\/www.trachtenverband-unterfranken.de\/index.php?rest_route=\/wp\/v2\/posts\/5139\/revisions"}],"predecessor-version":[{"id":5162,"href":"https:\/\/www.trachtenverband-unterfranken.de\/index.php?rest_route=\/wp\/v2\/posts\/5139\/revisions\/5162"}],"wp:attachment":[{"href":"https:\/\/www.trachtenverband-unterfranken.de\/index.php?rest_route=%2Fwp%2Fv2%2Fmedia&parent=5139"}],"wp:term":[{"taxonomy":"category","embeddable":true,"href":"https:\/\/www.trachtenverband-unterfranken.de\/index.php?rest_route=%2Fwp%2Fv2%2Fcategories&post=5139"},{"taxonomy":"post_tag","embeddable":true,"href":"https:\/\/www.trachtenverband-unterfranken.de\/index.php?rest_route=%2Fwp%2Fv2%2Ftags&post=5139"}],"curies":[{"name":"wp","href":"https:\/\/api.w.org\/{rel}","templated":true}]}}