{"id":5190,"date":"2018-09-05T21:25:55","date_gmt":"2018-09-05T19:25:55","guid":{"rendered":"http:\/\/www.trachtenverband-unterfranken.de\/?p=5190"},"modified":"2018-09-05T21:25:55","modified_gmt":"2018-09-05T19:25:55","slug":"trachten-und-volksmusiktag-auf-der-landesgartenschau-in-wuerzburg-am-02-09-2018","status":"publish","type":"post","link":"https:\/\/www.trachtenverband-unterfranken.de\/?p=5190","title":{"rendered":"Trachten- und Volksmusiktag auf der Landesgartenschau in W\u00fcrzburg am 02.09.2018"},"content":{"rendered":"<p>Die beiden Volksmusik- und Brauchtumsverb\u00e4nde, der Trachtenverband Unterfranken und die Arbeitsgemeinschaft Fr\u00e4nkische Volksmusik Bezirk Unterfranken, veranstalteten am 02.09.2018 gemeinsam den Trachten- und Volksmusiktag auf der Landesgartenschau in W\u00fcrzburg.<\/p>\n<p>Die Schirmherrschaft hat Bezirkstagspr\u00e4sident Erwin Dotzel \u00fcbernommen. Der Trachten- und Volksmusiktag begann mit einem \u00f6kumenischer Gottesdienst auf der Hauptb\u00fchne, der vom evangelischen Pfarrer Thomas Kohl aus Dittlofsroda (Brauchtumswart im Trachtenverband) und dem katholischen Diakon Albert Hein aus R\u00f6thlein (Kassier im Trachtenverband) zelebriert und musikalisch von den Schrolla Musikanten und der Singgruppe Freunde fr\u00e4nkischen Brauchtums Urspringen gestaltet wurde.<\/p>\n<p><img loading=\"lazy\" decoding=\"async\" class=\"wp-image-5194 size-large alignleft\" src=\"https:\/\/www.trachtenverband-unterfranken.de\/wp-content\/uploads\/2018\/09\/20180902_4-697x500.jpg\" alt=\"\" width=\"660\" height=\"473\" srcset=\"https:\/\/www.trachtenverband-unterfranken.de\/wp-content\/uploads\/2018\/09\/20180902_4.jpg 697w, https:\/\/www.trachtenverband-unterfranken.de\/wp-content\/uploads\/2018\/09\/20180902_4-300x215.jpg 300w\" sizes=\"(max-width: 660px) 100vw, 660px\" \/>\u00a0\u00a0\u00a0 <img loading=\"lazy\" decoding=\"async\" class=\"wp-image-5195 size-large alignright\" src=\"https:\/\/www.trachtenverband-unterfranken.de\/wp-content\/uploads\/2018\/09\/20180902_5-750x454.jpg\" alt=\"\" width=\"660\" height=\"400\" srcset=\"https:\/\/www.trachtenverband-unterfranken.de\/wp-content\/uploads\/2018\/09\/20180902_5.jpg 750w, https:\/\/www.trachtenverband-unterfranken.de\/wp-content\/uploads\/2018\/09\/20180902_5-300x182.jpg 300w\" sizes=\"(max-width: 660px) 100vw, 660px\" \/><\/p>\n<p>Ein farbenpr\u00e4chtiger Festzug mit \u00fcber 20 Gruppen aus ganz Unterfranken durchs Gartenschaugel\u00e4nde vom Belvedere zur Hauptb\u00fchne bildete den H\u00f6hepunkt der Veranstaltung.<\/p>\n<p><img loading=\"lazy\" decoding=\"async\" class=\"alignleft wp-image-5191 size-medium\" src=\"https:\/\/www.trachtenverband-unterfranken.de\/wp-content\/uploads\/2018\/09\/20180902_1-300x214.jpg\" alt=\"\" width=\"300\" height=\"214\" srcset=\"https:\/\/www.trachtenverband-unterfranken.de\/wp-content\/uploads\/2018\/09\/20180902_1-300x214.jpg 300w, https:\/\/www.trachtenverband-unterfranken.de\/wp-content\/uploads\/2018\/09\/20180902_1.jpg 701w\" sizes=\"(max-width: 300px) 100vw, 300px\" \/><img loading=\"lazy\" decoding=\"async\" class=\"size-medium wp-image-5192 alignright\" src=\"https:\/\/www.trachtenverband-unterfranken.de\/wp-content\/uploads\/2018\/09\/20180902_2-300x227.jpg\" alt=\"\" width=\"300\" height=\"227\" srcset=\"https:\/\/www.trachtenverband-unterfranken.de\/wp-content\/uploads\/2018\/09\/20180902_2-300x227.jpg 300w, https:\/\/www.trachtenverband-unterfranken.de\/wp-content\/uploads\/2018\/09\/20180902_2.jpg 661w\" sizes=\"(max-width: 300px) 100vw, 300px\" \/><\/p>\n<p>Im Anschluss daran startete ein abwechslungsreiches Tagesprogramm mit Musik-, Gesang- und Trachtengruppen auf der Hauptb\u00fchne. Es gab Volksmusik, Volkstanz und Trachtenvorstellung sowie Informationen vom unterfr\u00e4nkischen Dialektinstitut UDI und Notenmaterial von der Verlagsabteilung der ARGE Fr\u00e4nk. Volksmusik Unterfranken. Insgesamt waren fast 30 Musik- und Trachtengruppen mit \u00fcber 450 Mitwirkenden am Fest beteiligt. Der 1. Vorsitzende der Arbeitsgemeinschaft Fr\u00e4nkische Volksmusik Unterfranken Reinhard H\u00fc\u00dfner und der 1. Gauvorstand vom Trachtenverband Unterfranken Oliver Brust sowie die beiden Mitorganisatorinnen Inka Pfister und Bianca Sch\u00f6nig freuten sich \u00fcber zahlreiche Besucher und einen wundervollen Tag in der Landesgartenschau.<\/p>\n<p><img loading=\"lazy\" decoding=\"async\" class=\"aligncenter wp-image-5193 size-full\" src=\"https:\/\/www.trachtenverband-unterfranken.de\/wp-content\/uploads\/2018\/09\/20180902_3.jpg\" alt=\"\" width=\"750\" height=\"500\" srcset=\"https:\/\/www.trachtenverband-unterfranken.de\/wp-content\/uploads\/2018\/09\/20180902_3.jpg 750w, https:\/\/www.trachtenverband-unterfranken.de\/wp-content\/uploads\/2018\/09\/20180902_3-300x200.jpg 300w\" sizes=\"(max-width: 750px) 100vw, 750px\" \/> Text: Oliver Brust (Trachtenverband Unterfranken)<br \/>\nFotos: Inka Pfister (ARGE Fr\u00e4nkische Volksmusik Ufr.)<\/p>\n","protected":false},"excerpt":{"rendered":"<p>Die beiden Volksmusik- und Brauchtumsverb\u00e4nde, der Trachtenverband Unterfranken und die Arbeitsgemeinschaft Fr\u00e4nkische Volksmusik Bezirk Unterfranken, veranstalteten am 02.09.2018 gemeinsam den Trachten- und Volksmusiktag auf der Landesgartenschau in W\u00fcrzburg. Die Schirmherrschaft hat Bezirkstagspr\u00e4sident Erwin Dotzel \u00fcbernommen. Der Trachten- und Volksmusiktag begann mit einem \u00f6kumenischer Gottesdienst auf der Hauptb\u00fchne, der vom evangelischen Pfarrer Thomas Kohl aus Dittlofsroda &hellip; <a href=\"https:\/\/www.trachtenverband-unterfranken.de\/?p=5190\" class=\"more-link\"><span class=\"screen-reader-text\">Trachten- und Volksmusiktag auf der Landesgartenschau in W\u00fcrzburg am 02.09.2018<\/span> weiterlesen<\/a><\/p>\n","protected":false},"author":7,"featured_media":0,"comment_status":"closed","ping_status":"closed","sticky":false,"template":"","format":"standard","meta":{"footnotes":""},"categories":[9],"tags":[90,26,69,73],"_links":{"self":[{"href":"https:\/\/www.trachtenverband-unterfranken.de\/index.php?rest_route=\/wp\/v2\/posts\/5190"}],"collection":[{"href":"https:\/\/www.trachtenverband-unterfranken.de\/index.php?rest_route=\/wp\/v2\/posts"}],"about":[{"href":"https:\/\/www.trachtenverband-unterfranken.de\/index.php?rest_route=\/wp\/v2\/types\/post"}],"author":[{"embeddable":true,"href":"https:\/\/www.trachtenverband-unterfranken.de\/index.php?rest_route=\/wp\/v2\/users\/7"}],"replies":[{"embeddable":true,"href":"https:\/\/www.trachtenverband-unterfranken.de\/index.php?rest_route=%2Fwp%2Fv2%2Fcomments&post=5190"}],"version-history":[{"count":7,"href":"https:\/\/www.trachtenverband-unterfranken.de\/index.php?rest_route=\/wp\/v2\/posts\/5190\/revisions"}],"predecessor-version":[{"id":5202,"href":"https:\/\/www.trachtenverband-unterfranken.de\/index.php?rest_route=\/wp\/v2\/posts\/5190\/revisions\/5202"}],"wp:attachment":[{"href":"https:\/\/www.trachtenverband-unterfranken.de\/index.php?rest_route=%2Fwp%2Fv2%2Fmedia&parent=5190"}],"wp:term":[{"taxonomy":"category","embeddable":true,"href":"https:\/\/www.trachtenverband-unterfranken.de\/index.php?rest_route=%2Fwp%2Fv2%2Fcategories&post=5190"},{"taxonomy":"post_tag","embeddable":true,"href":"https:\/\/www.trachtenverband-unterfranken.de\/index.php?rest_route=%2Fwp%2Fv2%2Ftags&post=5190"}],"curies":[{"name":"wp","href":"https:\/\/api.w.org\/{rel}","templated":true}]}}