{"id":5221,"date":"2018-09-17T19:13:23","date_gmt":"2018-09-17T17:13:23","guid":{"rendered":"http:\/\/www.trachtenverband-unterfranken.de\/?p=5221"},"modified":"2018-09-24T22:51:52","modified_gmt":"2018-09-24T20:51:52","slug":"erntedankfest-in-roethlein","status":"publish","type":"post","link":"https:\/\/www.trachtenverband-unterfranken.de\/?p=5221","title":{"rendered":"Erntedankfest in R\u00f6thlein"},"content":{"rendered":"<div dir=\"auto\">Am <b>Sonntag, den 7. Oktober<\/b> richtet der Volkstrachtenverein R\u00f6thlein bereits zum 48. Mal das <strong>Erntedankfest in R\u00f6thlein<\/strong> aus. Das Festprogramm lautet wie folgt:<\/div>\n<div dir=\"auto\"><\/div>\n<div dir=\"auto\"><strong>09.00 Uhr<\/strong> Festgottesdienst in der St. Jakobus Kirche &amp; Schlie\u00dfen eines Freundschaftsbundes mit dem Clan McEL<\/div>\n<div dir=\"auto\"><strong>13.00 Uhr<\/strong> Festumzug<\/div>\n<div dir=\"auto\"><strong>14.00 Uhr<\/strong> Schlie\u00dfen eines Freundschaftsbundes mit Clan McEL anschliessend Gru\u00dfworte<\/div>\n<div dir=\"auto\"><strong>14:20 Uhr<\/strong> Plantanz mit der Musikkapelle Hirschfeld<\/div>\n<div dir=\"auto\"><img loading=\"lazy\" decoding=\"async\" class=\"aligncenter wp-image-5237 size-large\" src=\"https:\/\/www.trachtenverband-unterfranken.de\/wp-content\/uploads\/2018\/09\/Erntedankfest-Plakat-353x500.jpg\" alt=\"\" width=\"353\" height=\"500\" srcset=\"https:\/\/www.trachtenverband-unterfranken.de\/wp-content\/uploads\/2018\/09\/Erntedankfest-Plakat.jpg 353w, https:\/\/www.trachtenverband-unterfranken.de\/wp-content\/uploads\/2018\/09\/Erntedankfest-Plakat-212x300.jpg 212w\" sizes=\"(max-width: 353px) 100vw, 353px\" \/><\/div>\n<div dir=\"auto\">\n<div dir=\"auto\">\n<div dir=\"auto\">Am Festzug nehmen in diesem Jahr teil:<\/div>\n<div dir=\"auto\">Die Trachtenvereine R\u00f6thlein, Abtsroda, Gochsheim, die Semflder und Markt Einersheim, der Clan McEL, Blaskapellen Heidenfeld und die jungen Sennfelder, eine Abordnung vom Kegelclub \u201eScharfes Eck\u201c und Obst und Gartenbauverein sowie der Kindergarten R\u00f6thlein.<\/div>\n<div dir=\"auto\"><\/div>\n<div dir=\"auto\">Die Musikkapelle Hirschfeld sorgt f\u00fcr die musikalische Umrahmung und l\u00e4dt alle Besucher zu den letzten fr\u00e4nkischen Rundt\u00e4nzen unter freien Himmel am R\u00f6thleiner Trachtenplatz ein.<\/div>\n<div dir=\"auto\"><\/div>\n<div dir=\"auto\">Zur St\u00e4rkung an diesem herbstlichen Tag h\u00e4lt der Trachtenverein f\u00fcr Sie fr\u00e4nkische Spezialit\u00e4ten, wie Zwiebelplootz, Gerupften, Rettichbrot, fr\u00e4nkische Bratw\u00fcrste und Steaks sowie jungen Federwei\u00dfer, frisches Gem\u00fcse, sowie eine breite Palette an selbstgebackenen Kuchen und Torten bereit.<\/div>\n<div dir=\"auto\">Mitzubringen sind begeisterte F\u00fc\u00dfe, die ein bisschen Walzer Rheinl\u00e4nder und Schottisch unter dem Herbsthimmel tanzen wollen, beste Laune und viel Sonnenschein.<\/div>\n<div dir=\"auto\"><\/div>\n<div dir=\"auto\">Es l\u00e4dt ein,<\/div>\n<div dir=\"auto\">der Volkstrachtenverein R\u00f6thlein e.V.<\/div>\n<\/div>\n<\/div>\n","protected":false},"excerpt":{"rendered":"<p>Am Sonntag, den 7. Oktober richtet der Volkstrachtenverein R\u00f6thlein bereits zum 48. Mal das Erntedankfest in R\u00f6thlein aus. Das Festprogramm lautet wie folgt: 09.00 Uhr Festgottesdienst in der St. Jakobus Kirche &amp; Schlie\u00dfen eines Freundschaftsbundes mit dem Clan McEL 13.00 Uhr Festumzug 14.00 Uhr Schlie\u00dfen eines Freundschaftsbundes mit Clan McEL anschliessend Gru\u00dfworte 14:20 Uhr Plantanz &hellip; <a href=\"https:\/\/www.trachtenverband-unterfranken.de\/?p=5221\" class=\"more-link\"><span class=\"screen-reader-text\">Erntedankfest in R\u00f6thlein<\/span> weiterlesen<\/a><\/p>\n","protected":false},"author":7,"featured_media":0,"comment_status":"closed","ping_status":"closed","sticky":false,"template":"","format":"standard","meta":{"footnotes":""},"categories":[9],"tags":[18,19,41,25,69],"_links":{"self":[{"href":"https:\/\/www.trachtenverband-unterfranken.de\/index.php?rest_route=\/wp\/v2\/posts\/5221"}],"collection":[{"href":"https:\/\/www.trachtenverband-unterfranken.de\/index.php?rest_route=\/wp\/v2\/posts"}],"about":[{"href":"https:\/\/www.trachtenverband-unterfranken.de\/index.php?rest_route=\/wp\/v2\/types\/post"}],"author":[{"embeddable":true,"href":"https:\/\/www.trachtenverband-unterfranken.de\/index.php?rest_route=\/wp\/v2\/users\/7"}],"replies":[{"embeddable":true,"href":"https:\/\/www.trachtenverband-unterfranken.de\/index.php?rest_route=%2Fwp%2Fv2%2Fcomments&post=5221"}],"version-history":[{"count":15,"href":"https:\/\/www.trachtenverband-unterfranken.de\/index.php?rest_route=\/wp\/v2\/posts\/5221\/revisions"}],"predecessor-version":[{"id":5240,"href":"https:\/\/www.trachtenverband-unterfranken.de\/index.php?rest_route=\/wp\/v2\/posts\/5221\/revisions\/5240"}],"wp:attachment":[{"href":"https:\/\/www.trachtenverband-unterfranken.de\/index.php?rest_route=%2Fwp%2Fv2%2Fmedia&parent=5221"}],"wp:term":[{"taxonomy":"category","embeddable":true,"href":"https:\/\/www.trachtenverband-unterfranken.de\/index.php?rest_route=%2Fwp%2Fv2%2Fcategories&post=5221"},{"taxonomy":"post_tag","embeddable":true,"href":"https:\/\/www.trachtenverband-unterfranken.de\/index.php?rest_route=%2Fwp%2Fv2%2Ftags&post=5221"}],"curies":[{"name":"wp","href":"https:\/\/api.w.org\/{rel}","templated":true}]}}